{"id":725,"date":"2021-08-30T13:00:00","date_gmt":"2021-08-30T11:00:00","guid":{"rendered":"https:\/\/elzede.net\/acl\/?p=725"},"modified":"2026-03-25T08:54:44","modified_gmt":"2026-03-25T07:54:44","slug":"votre-programme-du-31-aout-au-7-septembre","status":"publish","type":"post","link":"https:\/\/elzede.net\/acl\/votre-programme-du-31-aout-au-7-septembre\/","title":{"rendered":"Votre programme du 31 ao\u00fbt au 7 septembre"},"content":{"rendered":"\n<div class=\"wp-block-media-text alignwide is-stacked-on-mobile\" style=\"grid-template-columns:51% auto\"><figure class=\"wp-block-media-text__media\"><img loading=\"lazy\" decoding=\"async\" width=\"1024\" height=\"1024\" src=\"https:\/\/elzede.net\/acl\/wp-content\/uploads\/2021\/08\/FNCF-PassSanitaire-1080x1080-72h-copie-1024x1024.jpg\" alt=\"\" class=\"wp-image-701 size-full\" srcset=\"https:\/\/elzede.net\/acl\/wp-content\/uploads\/2021\/08\/FNCF-PassSanitaire-1080x1080-72h-copie-1024x1024.jpg 1024w, https:\/\/elzede.net\/acl\/wp-content\/uploads\/2021\/08\/FNCF-PassSanitaire-1080x1080-72h-copie-300x300.jpg 300w, https:\/\/elzede.net\/acl\/wp-content\/uploads\/2021\/08\/FNCF-PassSanitaire-1080x1080-72h-copie-150x150.jpg 150w, https:\/\/elzede.net\/acl\/wp-content\/uploads\/2021\/08\/FNCF-PassSanitaire-1080x1080-72h-copie-768x768.jpg 768w, https:\/\/elzede.net\/acl\/wp-content\/uploads\/2021\/08\/FNCF-PassSanitaire-1080x1080-72h-copie-100x100.jpg 100w, https:\/\/elzede.net\/acl\/wp-content\/uploads\/2021\/08\/FNCF-PassSanitaire-1080x1080-72h-copie.jpg 1080w\" sizes=\"auto, (max-width: 767px) 89vw, (max-width: 1000px) 54vw, (max-width: 1071px) 543px, 580px\" \/><\/figure><div class=\"wp-block-media-text__content\">\n<p class=\"has-vivid-red-color has-text-color has-medium-font-size\"><strong>Chers Amis du Cin\u00e9ma de Lion. <br>Votre cin\u00e9ma est tenu d&rsquo;appliquer le contr\u00f4le du Pass Sanitaire \u00e0 compter du mardi 8 ao\u00fbt. <br>Munissez-vous du QR code ou du justificatif pr\u00e9vu par la loi.<\/strong><\/p>\n<\/div><\/div>\n\n\n\n<p class=\"has-text-align-center has-white-color has-vivid-red-background-color has-text-color has-background\"><strong>A compter du 3 septembre, les horaires changent<br>17H le dimanche et 20H45 en semaine<\/strong><\/p>\n\n\n\n<div class=\"wp-block-columns are-vertically-aligned-center is-layout-flex wp-container-core-columns-is-layout-9d6595d7 wp-block-columns-is-layout-flex\">\n<div class=\"wp-block-column is-vertically-aligned-center is-layout-flow wp-block-column-is-layout-flow\" style=\"flex-basis:33.33%\">\n<p class=\"has-drop-cap has-medium-font-size\">Mardi 31 ao\u00fbt<br>21H<\/p>\n<\/div>\n\n\n\n<div class=\"wp-block-column is-vertically-aligned-center is-layout-flow wp-block-column-is-layout-flow\" style=\"flex-basis:66.66%\">\n<figure class=\"wp-block-image size-full\"><img loading=\"lazy\" decoding=\"async\" width=\"568\" height=\"472\" src=\"https:\/\/elzede.net\/acl\/wp-content\/uploads\/2021\/08\/06-Onoda.jpg\" alt=\"\" class=\"wp-image-711\" srcset=\"https:\/\/elzede.net\/acl\/wp-content\/uploads\/2021\/08\/06-Onoda.jpg 568w, https:\/\/elzede.net\/acl\/wp-content\/uploads\/2021\/08\/06-Onoda-300x249.jpg 300w\" sizes=\"auto, (max-width: 568px) 100vw, 568px\" \/><\/figure>\n<\/div>\n<\/div>\n\n\n\n<div class=\"wp-block-columns are-vertically-aligned-center is-layout-flex wp-container-core-columns-is-layout-9d6595d7 wp-block-columns-is-layout-flex\">\n<div class=\"wp-block-column is-vertically-aligned-center is-layout-flow wp-block-column-is-layout-flow\" style=\"flex-basis:33.33%\">\n<p class=\"has-drop-cap has-medium-font-size\">Vendredi 3 septembre<br><br>20H45<\/p>\n<\/div>\n\n\n\n<div class=\"wp-block-column is-vertically-aligned-center is-layout-flow wp-block-column-is-layout-flow\" style=\"flex-basis:66.66%\">\n<figure class=\"wp-block-image size-full\"><img loading=\"lazy\" decoding=\"async\" width=\"541\" height=\"301\" src=\"https:\/\/elzede.net\/acl\/wp-content\/uploads\/2021\/08\/01-07-OSS-117.jpg\" alt=\"\" class=\"wp-image-706\" srcset=\"https:\/\/elzede.net\/acl\/wp-content\/uploads\/2021\/08\/01-07-OSS-117.jpg 541w, https:\/\/elzede.net\/acl\/wp-content\/uploads\/2021\/08\/01-07-OSS-117-300x167.jpg 300w\" sizes=\"auto, (max-width: 541px) 100vw, 541px\" \/><\/figure>\n<\/div>\n<\/div>\n\n\n\n<div class=\"wp-block-columns are-vertically-aligned-center is-layout-flex wp-container-core-columns-is-layout-9d6595d7 wp-block-columns-is-layout-flex\">\n<div class=\"wp-block-column is-vertically-aligned-center is-layout-flow wp-block-column-is-layout-flow\" style=\"flex-basis:33.33%\">\n<p class=\"has-drop-cap has-medium-font-size\">Dimanche 5 septembre<br><br>17H00<\/p>\n<\/div>\n\n\n\n<div class=\"wp-block-column is-vertically-aligned-center is-layout-flow wp-block-column-is-layout-flow\" style=\"flex-basis:66.66%\">\n<figure class=\"wp-block-image size-full\"><img loading=\"lazy\" decoding=\"async\" width=\"541\" height=\"301\" src=\"https:\/\/elzede.net\/acl\/wp-content\/uploads\/2021\/08\/08-Baby-Boss-2.jpg\" alt=\"\" class=\"wp-image-712\" srcset=\"https:\/\/elzede.net\/acl\/wp-content\/uploads\/2021\/08\/08-Baby-Boss-2.jpg 541w, https:\/\/elzede.net\/acl\/wp-content\/uploads\/2021\/08\/08-Baby-Boss-2-300x167.jpg 300w\" sizes=\"auto, (max-width: 541px) 100vw, 541px\" \/><\/figure>\n<\/div>\n<\/div>\n\n\n\n<div class=\"wp-block-columns are-vertically-aligned-center is-layout-flex wp-container-core-columns-is-layout-9d6595d7 wp-block-columns-is-layout-flex\">\n<div class=\"wp-block-column is-vertically-aligned-center is-layout-flow wp-block-column-is-layout-flow\" style=\"flex-basis:33.33%\">\n<p class=\"has-drop-cap has-medium-font-size\">Mardi 7 septembre<br><br>20H45<\/p>\n<\/div>\n\n\n\n<div class=\"wp-block-column is-vertically-aligned-center is-layout-flow wp-block-column-is-layout-flow\" style=\"flex-basis:66.66%\">\n<figure class=\"wp-block-image size-full\"><img loading=\"lazy\" decoding=\"async\" width=\"549\" height=\"249\" src=\"https:\/\/elzede.net\/acl\/wp-content\/uploads\/2021\/08\/09-Louloute.jpg\" alt=\"\" class=\"wp-image-713\" srcset=\"https:\/\/elzede.net\/acl\/wp-content\/uploads\/2021\/08\/09-Louloute.jpg 549w, https:\/\/elzede.net\/acl\/wp-content\/uploads\/2021\/08\/09-Louloute-300x136.jpg 300w\" sizes=\"auto, (max-width: 549px) 100vw, 549px\" \/><\/figure>\n<\/div>\n<\/div>\n","protected":false},"excerpt":{"rendered":"<p>A compter du 3 septembre, les horaires changent17H le dimanche et 20H45 en semaine Mardi 31 ao\u00fbt21H Vendredi 3 septembre 20H45 Dimanche 5 septembre 17H00 Mardi 7 septembre 20H45<\/p>\n","protected":false},"author":1,"featured_media":0,"comment_status":"open","ping_status":"open","sticky":false,"template":"","format":"standard","meta":{"footnotes":""},"categories":[13],"tags":[],"class_list":["post-725","post","type-post","status-publish","format-standard","hentry","category-13"],"_links":{"self":[{"href":"https:\/\/elzede.net\/acl\/wp-json\/wp\/v2\/posts\/725","targetHints":{"allow":["GET"]}}],"collection":[{"href":"https:\/\/elzede.net\/acl\/wp-json\/wp\/v2\/posts"}],"about":[{"href":"https:\/\/elzede.net\/acl\/wp-json\/wp\/v2\/types\/post"}],"author":[{"embeddable":true,"href":"https:\/\/elzede.net\/acl\/wp-json\/wp\/v2\/users\/1"}],"replies":[{"embeddable":true,"href":"https:\/\/elzede.net\/acl\/wp-json\/wp\/v2\/comments?post=725"}],"version-history":[{"count":1,"href":"https:\/\/elzede.net\/acl\/wp-json\/wp\/v2\/posts\/725\/revisions"}],"predecessor-version":[{"id":726,"href":"https:\/\/elzede.net\/acl\/wp-json\/wp\/v2\/posts\/725\/revisions\/726"}],"wp:attachment":[{"href":"https:\/\/elzede.net\/acl\/wp-json\/wp\/v2\/media?parent=725"}],"wp:term":[{"taxonomy":"category","embeddable":true,"href":"https:\/\/elzede.net\/acl\/wp-json\/wp\/v2\/categories?post=725"},{"taxonomy":"post_tag","embeddable":true,"href":"https:\/\/elzede.net\/acl\/wp-json\/wp\/v2\/tags?post=725"}],"curies":[{"name":"wp","href":"https:\/\/api.w.org\/{rel}","templated":true}]}}