{"id":4099,"date":"2026-08-31T12:21:58","date_gmt":"2026-08-31T10:21:58","guid":{"rendered":"https:\/\/elzede.net\/acl\/?p=4099"},"modified":"2026-08-31T12:21:59","modified_gmt":"2026-08-31T10:21:59","slug":"il-suffit-dun-imprevu-des-nains-de-jardin-qui-sevanouissent-des-dinosaures-qui-surgissent-la-disparition-dune-grand-mere-ou-un-caprice-cosmique-et-le-quotidien-b","status":"publish","type":"post","link":"https:\/\/elzede.net\/acl\/il-suffit-dun-imprevu-des-nains-de-jardin-qui-sevanouissent-des-dinosaures-qui-surgissent-la-disparition-dune-grand-mere-ou-un-caprice-cosmique-et-le-quotidien-b\/","title":{"rendered":"Il suffit d\u2019un impr\u00e9vu, des nains de jardin qui s\u2019\u00e9vanouissent, des dinosaures qui surgissent, la disparition d\u2019une grand\u2011m\u00e8re ou un caprice cosmique, et le quotidien bascule dans une saveur totalement nouvelle."},"content":{"rendered":"\n<div style=\"height:21px\" aria-hidden=\"true\" class=\"wp-block-spacer\"><\/div>\n\n\n\n<hr class=\"wp-block-separator has-alpha-channel-opacity\"\/>\n\n\n\n<div style=\"height:23px\" aria-hidden=\"true\" class=\"wp-block-spacer\"><\/div>\n\n\n\n<div class=\"wp-block-media-text is-stacked-on-mobile\"><figure class=\"wp-block-media-text__media\"><img loading=\"lazy\" decoding=\"async\" width=\"768\" height=\"1024\" src=\"https:\/\/elzede.net\/acl\/wp-content\/uploads\/2026\/08\/LA-FIN-768x1024.webp\" alt=\"\" class=\"wp-image-4100 size-full\" srcset=\"https:\/\/elzede.net\/acl\/wp-content\/uploads\/2026\/08\/LA-FIN-768x1024.webp 768w, https:\/\/elzede.net\/acl\/wp-content\/uploads\/2026\/08\/LA-FIN-225x300.webp 225w, https:\/\/elzede.net\/acl\/wp-content\/uploads\/2026\/08\/LA-FIN.webp 810w\" sizes=\"auto, (max-width: 767px) 89vw, (max-width: 1000px) 54vw, (max-width: 1071px) 543px, 580px\" \/><\/figure><div class=\"wp-block-media-text__content\">\n<h2 class=\"wp-block-heading\">VEND. 11 SEPT. -20h30-<\/h2>\n\n\n\n<p class=\"wp-block-paragraph\">Action, Aventure, Science Fiction am\u00e9ricain de 2026, r\u00e9alis\u00e9 par David Robert Mitchell avec Anne Hathaway, Ewan McGregor, Maisy Stella, entre autres, d&rsquo;une dur\u00e9e de 1h40 min.<\/p>\n\n\n\n<blockquote class=\"wp-block-quote is-layout-flow wp-block-quote-is-layout-flow\">\n<p class=\"wp-block-paragraph\"><em><strong>Titre original<\/strong> &#8211;<\/em> The End Of Oak Street<\/p>\n<\/blockquote>\n\n\n\n<details class=\"wp-block-details is-layout-flow wp-block-details-is-layout-flow\"><summary><strong>Synopsis<\/strong><\/summary>\n<p class=\"wp-block-paragraph\">Suite \u00e0 un \u00e9trange \u00e9v\u00e9nement cosmique, le quartier d\u2019Oak Street se retrouve transport\u00e9 en un lieu myst\u00e9rieux. Les Platt, qui ne reconnaissent plus leur environnement familier, ne tardent pas \u00e0 comprendre qu\u2019il leur faut absolument rester unis s\u2019ils veulent s\u2019en sortir\u2026<\/p>\n<\/details>\n<\/div><\/div>\n\n\n\n<div style=\"height:21px\" aria-hidden=\"true\" class=\"wp-block-spacer\"><\/div>\n\n\n\n<hr class=\"wp-block-separator has-alpha-channel-opacity\"\/>\n\n\n\n<div style=\"height:21px\" aria-hidden=\"true\" class=\"wp-block-spacer\"><\/div>\n\n\n\n<div class=\"wp-block-media-text is-stacked-on-mobile\"><figure class=\"wp-block-media-text__media\"><img loading=\"lazy\" decoding=\"async\" width=\"759\" height=\"1024\" src=\"https:\/\/elzede.net\/acl\/wp-content\/uploads\/2026\/08\/LesMatinsMerveilleux-759x1024.webp\" alt=\"\" class=\"wp-image-4101 size-full\" srcset=\"https:\/\/elzede.net\/acl\/wp-content\/uploads\/2026\/08\/LesMatinsMerveilleux-759x1024.webp 759w, https:\/\/elzede.net\/acl\/wp-content\/uploads\/2026\/08\/LesMatinsMerveilleux-222x300.webp 222w, https:\/\/elzede.net\/acl\/wp-content\/uploads\/2026\/08\/LesMatinsMerveilleux-768x1037.webp 768w, https:\/\/elzede.net\/acl\/wp-content\/uploads\/2026\/08\/LesMatinsMerveilleux.webp 800w\" sizes=\"auto, (max-width: 706px) 89vw, (max-width: 767px) 82vw, 740px\" \/><\/figure><div class=\"wp-block-media-text__content\">\n<h2 class=\"wp-block-heading\">MARDI 8 SEPT. -20h30-<\/h2>\n\n\n\n<p class=\"wp-block-paragraph\">Com\u00e9die, romance fran\u00e7aise de 2026, r\u00e9alis\u00e9e par Avril Besson, Pauline Baduel avec India Hair, Raya Martigny, Eric Cantona, entre autres, d&rsquo;une dur\u00e9e de 1h27 min.<\/p>\n\n\n\n<details class=\"wp-block-details is-layout-flow wp-block-details-is-layout-flow\"><summary><strong>Synopsis<\/strong><\/summary>\n<p class=\"wp-block-paragraph\">De vieux vinyles disco dans le coffre de sa Twingo, \u00e0 peine remise de la mort de sa grand-m\u00e8re, Charlie roule. Elle ne sait pas encore que ces disques ressusciteront les pas de danse de sa m\u00e8re dans les yeux humides de Titou, caviste r\u00eaveur, ni qu\u2019une plage m\u00e9diterran\u00e9enne d\u00e9sert\u00e9e sera le th\u00e9\u00e2tre de sa rencontre avec Marina, qui r\u00eave son id\u00e9al de libert\u00e9 dans la pizzeria du village. Pour l\u2019instant, elle roule.<\/p>\n<\/details>\n<\/div><\/div>\n\n\n\n<div style=\"height:21px\" aria-hidden=\"true\" class=\"wp-block-spacer\"><\/div>\n\n\n\n<hr class=\"wp-block-separator has-alpha-channel-opacity\"\/>\n\n\n\n<div style=\"height:21px\" aria-hidden=\"true\" class=\"wp-block-spacer\"><\/div>\n\n\n\n<div class=\"wp-block-media-text is-stacked-on-mobile\"><figure class=\"wp-block-media-text__media\"><img loading=\"lazy\" decoding=\"async\" width=\"691\" height=\"1024\" src=\"https:\/\/elzede.net\/acl\/wp-content\/uploads\/2026\/08\/PatPatrouille-691x1024.jpg\" alt=\"\" class=\"wp-image-4102 size-full\" srcset=\"https:\/\/elzede.net\/acl\/wp-content\/uploads\/2026\/08\/PatPatrouille-691x1024.jpg 691w, https:\/\/elzede.net\/acl\/wp-content\/uploads\/2026\/08\/PatPatrouille-203x300.jpg 203w, https:\/\/elzede.net\/acl\/wp-content\/uploads\/2026\/08\/PatPatrouille.jpg 729w\" sizes=\"auto, (max-width: 691px) 100vw, 691px\" \/><\/figure><div class=\"wp-block-media-text__content\">\n<h2 class=\"wp-block-heading\">DIM. 6 SEPT. -17h00-<\/h2>\n\n\n\n<p class=\"wp-block-paragraph\">Animation, aventure am\u00e9ricaine de 2026, r\u00e9alis\u00e9e par Cal Brunker, Bob Barlen avec Rain Janjua, Carter Young, Mckenna Grace, entre autres, d&rsquo;une dur\u00e9e de 1h28 min.<\/p>\n\n\n\n<details class=\"wp-block-details is-layout-flow wp-block-details-is-layout-flow\"><summary><strong>Synopsis<\/strong><\/summary>\n<p class=\"wp-block-paragraph\">Lorsqu\u2019une myst\u00e9rieuse temp\u00eate surprend leur navire, la Pat\u2019 Patrouille s\u2019\u00e9choue sur une \u00eele tropicale encore inexplor\u00e9e\u2026 et peupl\u00e9e de dinosaures ! Ils y rencontrent Rex, un chiot courageux install\u00e9 sur l\u2019\u00eele depuis des ann\u00e9es et devenu un v\u00e9ritable expert des dinosaures. Mais leur ennemi de toujours, M.Hellinger, arrive lui aussi sur l\u2019\u00eele avec un projet dangereux : exploiter ses richesses naturelles en creusant des mines. Ses actions imprudentes d\u00e9clenchent bient\u00f4t l\u2019\u00e9ruption d\u2019un gigantesque volcan endormi. La Pat\u2019 Patrouille se retrouve alors entra\u00een\u00e9e dans une s\u00e9rie de missions de sauvetage spectaculaires, plus impressionnantes que tout ce qu\u2019elle a connu jusqu\u2019ici. Elle devra arr\u00eater M. Hellinger et sauver l\u2019\u00eele avant qu\u2019il ne soit trop tard.<\/p>\n<\/details>\n<\/div><\/div>\n\n\n\n<div style=\"height:21px\" aria-hidden=\"true\" class=\"wp-block-spacer\"><\/div>\n\n\n\n<hr class=\"wp-block-separator has-alpha-channel-opacity\"\/>\n\n\n\n<div style=\"height:21px\" aria-hidden=\"true\" class=\"wp-block-spacer\"><\/div>\n\n\n\n<div class=\"wp-block-media-text is-stacked-on-mobile\"><figure class=\"wp-block-media-text__media\"><img loading=\"lazy\" decoding=\"async\" width=\"752\" height=\"1024\" src=\"https:\/\/elzede.net\/acl\/wp-content\/uploads\/2026\/08\/LesGendarmes-752x1024.webp\" alt=\"\" class=\"wp-image-4103 size-full\" srcset=\"https:\/\/elzede.net\/acl\/wp-content\/uploads\/2026\/08\/LesGendarmes-752x1024.webp 752w, https:\/\/elzede.net\/acl\/wp-content\/uploads\/2026\/08\/LesGendarmes-220x300.webp 220w, https:\/\/elzede.net\/acl\/wp-content\/uploads\/2026\/08\/LesGendarmes-768x1046.webp 768w, https:\/\/elzede.net\/acl\/wp-content\/uploads\/2026\/08\/LesGendarmes.webp 793w\" sizes=\"auto, (max-width: 706px) 89vw, (max-width: 767px) 82vw, 740px\" \/><\/figure><div class=\"wp-block-media-text__content\">\n<h2 class=\"wp-block-heading\">VEND. 4 SEPT. -20h30-<\/h2>\n\n\n\n<p class=\"wp-block-paragraph\">Com\u00e9die fran\u00e7aise de 2026, r\u00e9alis\u00e9e par Fran\u00e7ois Pr\u00e9v\u00f4t-Leygonie, Stephan Archinard avec Arnaud Ducret, Marc Riso, Fred Testot, entre autres, d&rsquo;une dur\u00e9e de 1h27 min.<\/p>\n\n\n\n<details class=\"wp-block-details is-layout-flow wp-block-details-is-layout-flow\"><summary><strong>Synopsis<\/strong><\/summary>\n<p class=\"wp-block-paragraph\">Toute la brigade de gendarmerie de Charnay-L\u00e8s-M\u00e2con (71) se pr\u00e9pare \u00e0 l\u2019annuelle Grande F\u00eate des Jardins. Mais l\u2019arriv\u00e9e d\u2019un jeune stagiaire d\u00e9sinvolte d\u00e9barqu\u00e9 tout droit de la capitale et de deux voleurs de nains de jardin va venir bouleverser leur organisation bien huil\u00e9e\u2026<\/p>\n<\/details>\n<\/div><\/div>\n\n\n\n<div style=\"height:21px\" aria-hidden=\"true\" class=\"wp-block-spacer\"><\/div>\n\n\n\n<hr class=\"wp-block-separator has-alpha-channel-opacity\"\/>\n\n\n\n<div style=\"height:21px\" aria-hidden=\"true\" class=\"wp-block-spacer\"><\/div>\n\n\n\n<p class=\"wp-block-paragraph\"><\/p>\n","protected":false},"excerpt":{"rendered":"","protected":false},"author":1,"featured_media":0,"comment_status":"open","ping_status":"open","sticky":false,"template":"","format":"standard","meta":{"footnotes":""},"categories":[22,6],"tags":[],"class_list":["post-4099","post","type-post","status-publish","format-standard","hentry","category-22","category-programme"],"_links":{"self":[{"href":"https:\/\/elzede.net\/acl\/wp-json\/wp\/v2\/posts\/4099","targetHints":{"allow":["GET"]}}],"collection":[{"href":"https:\/\/elzede.net\/acl\/wp-json\/wp\/v2\/posts"}],"about":[{"href":"https:\/\/elzede.net\/acl\/wp-json\/wp\/v2\/types\/post"}],"author":[{"embeddable":true,"href":"https:\/\/elzede.net\/acl\/wp-json\/wp\/v2\/users\/1"}],"replies":[{"embeddable":true,"href":"https:\/\/elzede.net\/acl\/wp-json\/wp\/v2\/comments?post=4099"}],"version-history":[{"count":1,"href":"https:\/\/elzede.net\/acl\/wp-json\/wp\/v2\/posts\/4099\/revisions"}],"predecessor-version":[{"id":4104,"href":"https:\/\/elzede.net\/acl\/wp-json\/wp\/v2\/posts\/4099\/revisions\/4104"}],"wp:attachment":[{"href":"https:\/\/elzede.net\/acl\/wp-json\/wp\/v2\/media?parent=4099"}],"wp:term":[{"taxonomy":"category","embeddable":true,"href":"https:\/\/elzede.net\/acl\/wp-json\/wp\/v2\/categories?post=4099"},{"taxonomy":"post_tag","embeddable":true,"href":"https:\/\/elzede.net\/acl\/wp-json\/wp\/v2\/tags?post=4099"}],"curies":[{"name":"wp","href":"https:\/\/api.w.org\/{rel}","templated":true}]}}