{"id":3979,"date":"2026-04-27T10:23:34","date_gmt":"2026-04-27T08:23:34","guid":{"rendered":"https:\/\/elzede.net\/acl\/?p=3979"},"modified":"2026-04-27T10:23:35","modified_gmt":"2026-04-27T08:23:35","slug":"les-origines-la-collaboration-la-difference-sans-oublier-de-sauver-le-monde-je-crois-que-le-programme-est-encore-bien-charge-pour-les-quinze-prochains-jours","status":"publish","type":"post","link":"https:\/\/elzede.net\/acl\/les-origines-la-collaboration-la-difference-sans-oublier-de-sauver-le-monde-je-crois-que-le-programme-est-encore-bien-charge-pour-les-quinze-prochains-jours\/","title":{"rendered":"Les origines, la collaboration, la diff\u00e9rence\u2026 sans oublier de sauver le monde. Je crois que le programme est encore bien charg\u00e9 pour les quinze prochains jours."},"content":{"rendered":"\n<div style=\"height:21px\" aria-hidden=\"true\" class=\"wp-block-spacer\"><\/div>\n\n\n\n<hr class=\"wp-block-separator has-alpha-channel-opacity\"\/>\n\n\n\n<div style=\"height:23px\" aria-hidden=\"true\" class=\"wp-block-spacer\"><\/div>\n\n\n\n<div class=\"wp-block-media-text is-stacked-on-mobile\"><figure class=\"wp-block-media-text__media\"><img loading=\"lazy\" decoding=\"async\" width=\"768\" height=\"1024\" src=\"https:\/\/elzede.net\/acl\/wp-content\/uploads\/2026\/04\/COCORICO-768x1024.webp\" alt=\"\" class=\"wp-image-3980 size-full\" srcset=\"https:\/\/elzede.net\/acl\/wp-content\/uploads\/2026\/04\/COCORICO-768x1024.webp 768w, https:\/\/elzede.net\/acl\/wp-content\/uploads\/2026\/04\/COCORICO-225x300.webp 225w, https:\/\/elzede.net\/acl\/wp-content\/uploads\/2026\/04\/COCORICO.webp 810w\" sizes=\"auto, (max-width: 767px) 89vw, (max-width: 1000px) 54vw, (max-width: 1071px) 543px, 580px\" \/><\/figure><div class=\"wp-block-media-text__content\">\n<h2 class=\"wp-block-heading\">MARDI 12 MAI -20h30-<\/h2>\n\n\n\n<p>Com\u00e9die fran\u00e7aise de 2026, r\u00e9alis\u00e9 par Julien Herv\u00e9 avec Christian Clavier, Didier Bourdon, Sylvie Testud, entre autres, d&rsquo;une dur\u00e9e de 1h31 min.<\/p>\n\n\n\n<details class=\"wp-block-details is-layout-flow wp-block-details-is-layout-flow\"><summary><strong>Synopsis<\/strong><\/summary>\n<p>Apr\u00e8s avoir d\u00e9couvert la v\u00e9rit\u00e9 sur leurs origines, gr\u00e2ce \u00e0 des tests ADN aux r\u00e9sultats pour le moins surprenants, les Bouvier-Sauvage et les Martin d\u00e9cident d\u2019enterrer la hache de guerre, pour organiser le mariage de leurs enfants. Mais c\u2019\u00e9tait sans compter sur un impr\u00e9vu de taille : un cousin de Fr\u00e9d\u00e9ric a \u00e9t\u00e9 retrouv\u00e9 gr\u00e2ce aux tests\u2026 R\u00e9v\u00e9lant que les r\u00e9sultats \u00e9taient erron\u00e9s. Les deux familles vont d\u00e9couvrir que leurs anc\u00eatres n\u2019ont pas fini de les surprendre !<\/p>\n<\/details>\n<\/div><\/div>\n\n\n\n<div style=\"height:21px\" aria-hidden=\"true\" class=\"wp-block-spacer\"><\/div>\n\n\n\n<hr class=\"wp-block-separator has-alpha-channel-opacity\"\/>\n\n\n\n<div style=\"height:21px\" aria-hidden=\"true\" class=\"wp-block-spacer\"><\/div>\n\n\n\n<div class=\"wp-block-media-text is-stacked-on-mobile\"><figure class=\"wp-block-media-text__media\"><img loading=\"lazy\" decoding=\"async\" width=\"647\" height=\"1024\" src=\"https:\/\/elzede.net\/acl\/wp-content\/uploads\/2026\/04\/MARIO-647x1024.jpg\" alt=\"\" class=\"wp-image-3981 size-full\" srcset=\"https:\/\/elzede.net\/acl\/wp-content\/uploads\/2026\/04\/MARIO-647x1024.jpg 647w, https:\/\/elzede.net\/acl\/wp-content\/uploads\/2026\/04\/MARIO-189x300.jpg 189w, https:\/\/elzede.net\/acl\/wp-content\/uploads\/2026\/04\/MARIO.jpg 682w\" sizes=\"auto, (max-width: 647px) 100vw, 647px\" \/><\/figure><div class=\"wp-block-media-text__content\">\n<h2 class=\"wp-block-heading\">DIM. 10 MAI -17h00-<\/h2>\n\n\n\n<p>Animation am\u00e9ricaine de 2026, r\u00e9alis\u00e9 par Matthew Fogel avecChris Pratt, Anya Taylor-Joy, Charlie Day, entre autres, d&rsquo;une dur\u00e9e de 1h39 min.<\/p>\n\n\n\n<details class=\"wp-block-details is-layout-flow wp-block-details-is-layout-flow\"><summary><strong>Synopsis<\/strong><\/summary>\n<p>Apr\u00e8s SUPER MARIO BROS., l\u2019adaptation cin\u00e9matographique du c\u00e9l\u00e8bre jeu vid\u00e9o et forts du succ\u00e8s remport\u00e9 dans le monde entier avec plus d\u2019un milliard de dollars de recettes, ILLUMINATION et NINTENDO se retrouvent une nouvelle fois, afin de nous offrir un tout nouveau chapitre, cette fois \u00e0 dimension cosmique, mais tout aussi bourr\u00e9 d\u2019action : SUPER MARIO GALAXY.<\/p>\n\n\n\n<p>\u00c0 peine install\u00e9s au Royaume Champignon, un myst\u00e9rieux appel \u00e0 l&rsquo;aide va pousser Mario et Luigi \u00e0 reprendre du service et plonger dans les zones d\u2019ombre du pass\u00e9 de la princesse Peach. Une mission qui va propulser nos h\u00e9ros et leur nouvelle constellation d\u2019amis, tr\u00e8s loin de chez eux, \u00e0 travers un p\u00e9riple intergalactique, \u00e0 la d\u00e9couverte de nouveaux mondes o\u00f9 se forgeront des alliances pour le moins inattendues.<\/p>\n<\/details>\n<\/div><\/div>\n\n\n\n<div style=\"height:21px\" aria-hidden=\"true\" class=\"wp-block-spacer\"><\/div>\n\n\n\n<hr class=\"wp-block-separator has-alpha-channel-opacity\"\/>\n\n\n\n<div style=\"height:21px\" aria-hidden=\"true\" class=\"wp-block-spacer\"><\/div>\n\n\n\n<div class=\"wp-block-media-text is-stacked-on-mobile\"><figure class=\"wp-block-media-text__media\"><img loading=\"lazy\" decoding=\"async\" width=\"768\" height=\"1024\" src=\"https:\/\/elzede.net\/acl\/wp-content\/uploads\/2026\/04\/LES-RAYONS-ET-LES-OMBRES-768x1024.webp\" alt=\"\" class=\"wp-image-3982 size-full\" srcset=\"https:\/\/elzede.net\/acl\/wp-content\/uploads\/2026\/04\/LES-RAYONS-ET-LES-OMBRES-768x1024.webp 768w, https:\/\/elzede.net\/acl\/wp-content\/uploads\/2026\/04\/LES-RAYONS-ET-LES-OMBRES-225x300.webp 225w, https:\/\/elzede.net\/acl\/wp-content\/uploads\/2026\/04\/LES-RAYONS-ET-LES-OMBRES.webp 810w\" sizes=\"auto, (max-width: 767px) 89vw, (max-width: 1000px) 54vw, (max-width: 1071px) 543px, 580px\" \/><\/figure><div class=\"wp-block-media-text__content\">\n<h2 class=\"wp-block-heading\">VEN. 8 MAI -20h30-<\/h2>\n\n\n\n<p>Drame historique fran\u00e7ais de 2026, r\u00e9alis\u00e9 par Xavier Giannoli, Jacques Fieschiavec Jean Dujardin, Nastya Golubeva, August Diehl, entre autres, d&rsquo;une dur\u00e9e de 3h19 min.<\/p>\n\n\n\n<details class=\"wp-block-details is-layout-flow wp-block-details-is-layout-flow\"><summary><strong>Synopsis<\/strong><\/summary>\n<p>Pendant la Deuxi\u00e8me Guerre mondiale, l\u2019histoire vraie de Jean et Corinne Luchaire, un p\u00e8re et sa fille pris dans l\u2019engrenage de la collaboration.<\/p>\n<\/details>\n<\/div><\/div>\n\n\n\n<div style=\"height:21px\" aria-hidden=\"true\" class=\"wp-block-spacer\"><\/div>\n\n\n\n<hr class=\"wp-block-separator has-alpha-channel-opacity\"\/>\n\n\n\n<div style=\"height:21px\" aria-hidden=\"true\" class=\"wp-block-spacer\"><\/div>\n\n\n\n<div class=\"wp-block-media-text is-stacked-on-mobile\"><figure class=\"wp-block-media-text__media\"><img loading=\"lazy\" decoding=\"async\" width=\"768\" height=\"1024\" src=\"https:\/\/elzede.net\/acl\/wp-content\/uploads\/2026\/04\/LES-FILLES-DU-CIEL-768x1024.webp\" alt=\"\" class=\"wp-image-3983 size-full\" srcset=\"https:\/\/elzede.net\/acl\/wp-content\/uploads\/2026\/04\/LES-FILLES-DU-CIEL-768x1024.webp 768w, https:\/\/elzede.net\/acl\/wp-content\/uploads\/2026\/04\/LES-FILLES-DU-CIEL-225x300.webp 225w, https:\/\/elzede.net\/acl\/wp-content\/uploads\/2026\/04\/LES-FILLES-DU-CIEL.webp 810w\" sizes=\"auto, (max-width: 767px) 89vw, (max-width: 1000px) 54vw, (max-width: 1071px) 543px, 580px\" \/><\/figure><div class=\"wp-block-media-text__content\">\n<h2 class=\"wp-block-heading\">MARDI 5 MAI -20h30-<\/h2>\n\n\n\n<p>Drame fran\u00e7ais de 2026, r\u00e9alis\u00e9 par B\u00e9rang\u00e8re McNeese avec H\u00e9lo\u00efse Volle, Shirel Nataf, Yowa-Ang\u00e9lys Tshikaya, entre autres, d&rsquo;une dur\u00e9e de 1h36 min.<\/p>\n\n\n\n<details class=\"wp-block-details is-layout-flow wp-block-details-is-layout-flow\"><summary><strong>Synopsis<\/strong><\/summary>\n<p>H\u00e9lo\u00efse n\u2019a nulle part o\u00f9 aller. Elle fait la rencontre de Mallorie qui lui propose de l\u2019h\u00e9berger dans l\u2019appartement qu\u2019elle partage avec deux autres jeunes femmes. H\u00e9lo\u00efse va trouver l\u00e0 un nouveau foyer et une nouvelle famille. Mais leurs blessures pass\u00e9es menacent l\u2019\u00e9quilibre fragile entre ces femmes en apparence si solides.<\/p>\n<\/details>\n<\/div><\/div>\n\n\n\n<div style=\"height:21px\" aria-hidden=\"true\" class=\"wp-block-spacer\"><\/div>\n\n\n\n<hr class=\"wp-block-separator has-alpha-channel-opacity\"\/>\n\n\n\n<div style=\"height:21px\" aria-hidden=\"true\" class=\"wp-block-spacer\"><\/div>\n\n\n\n<div class=\"wp-block-media-text is-stacked-on-mobile\"><figure class=\"wp-block-media-text__media\"><img loading=\"lazy\" decoding=\"async\" width=\"768\" height=\"1024\" src=\"https:\/\/elzede.net\/acl\/wp-content\/uploads\/2026\/04\/enfant-du-desert-768x1024.webp\" alt=\"\" class=\"wp-image-3984 size-full\" srcset=\"https:\/\/elzede.net\/acl\/wp-content\/uploads\/2026\/04\/enfant-du-desert-768x1024.webp 768w, https:\/\/elzede.net\/acl\/wp-content\/uploads\/2026\/04\/enfant-du-desert-225x300.webp 225w, https:\/\/elzede.net\/acl\/wp-content\/uploads\/2026\/04\/enfant-du-desert.webp 810w\" sizes=\"auto, (max-width: 767px) 89vw, (max-width: 1000px) 54vw, (max-width: 1071px) 543px, 580px\" \/><\/figure><div class=\"wp-block-media-text__content\">\n<h2 class=\"wp-block-heading\">DIM 3 MAI -17h00-<\/h2>\n\n\n\n<p>Aventure de 2026, r\u00e9alis\u00e9 par Gilles de Maistre, Prune de Maistre avec Nahel Tran, Zayn Sekkat, Nah\u00efl Bouazzaoui, entre autres, d&rsquo;une dur\u00e9e de 1h32 min.<\/p>\n\n\n\n<details class=\"wp-block-details is-layout-flow wp-block-details-is-layout-flow\"><summary><strong>Synopsis<\/strong><\/summary>\n<p>Sun, \u00e2g\u00e9e de 14 ans, a publi\u00e9 un livre inspir\u00e9 d&rsquo;une histoire que son grand-p\u00e8re lui racontait : l&rsquo;incroyable histoire d&rsquo;Hadara, un enfant nomade perdu par sa famille \u00e0 l\u2019\u00e2ge de 2 ans dans une temp\u00eate de sable dans le d\u00e9sert, qui a ensuite \u00e9t\u00e9 recueilli et \u00e9lev\u00e9 par un couple d\u2019autruches. Mais lorsque Sun est invit\u00e9e \u00e0 visiter le Sahara, elle se rend compte qu&rsquo;Hadara est peut-\u00eatre plus qu&rsquo;une simple histoire pour s&rsquo;endormir.<\/p>\n<\/details>\n<\/div><\/div>\n\n\n\n<div style=\"height:21px\" aria-hidden=\"true\" class=\"wp-block-spacer\"><\/div>\n\n\n\n<hr class=\"wp-block-separator has-alpha-channel-opacity\"\/>\n\n\n\n<div style=\"height:21px\" aria-hidden=\"true\" class=\"wp-block-spacer\"><\/div>\n\n\n\n<div class=\"wp-block-media-text is-stacked-on-mobile\"><figure class=\"wp-block-media-text__media\"><img loading=\"lazy\" decoding=\"async\" width=\"752\" height=\"1024\" src=\"https:\/\/elzede.net\/acl\/wp-content\/uploads\/2026\/04\/PLUS-FORT-QUE-MOI-752x1024.webp\" alt=\"\" class=\"wp-image-3985 size-full\" srcset=\"https:\/\/elzede.net\/acl\/wp-content\/uploads\/2026\/04\/PLUS-FORT-QUE-MOI-752x1024.webp 752w, https:\/\/elzede.net\/acl\/wp-content\/uploads\/2026\/04\/PLUS-FORT-QUE-MOI-220x300.webp 220w, https:\/\/elzede.net\/acl\/wp-content\/uploads\/2026\/04\/PLUS-FORT-QUE-MOI-768x1046.webp 768w, https:\/\/elzede.net\/acl\/wp-content\/uploads\/2026\/04\/PLUS-FORT-QUE-MOI.webp 793w\" sizes=\"auto, (max-width: 706px) 89vw, (max-width: 767px) 82vw, 740px\" \/><\/figure><div class=\"wp-block-media-text__content\">\n<h2 class=\"wp-block-heading\">VEN. 1<sup>ER<\/sup> MAI -20h30-<\/h2>\n\n\n\n<p>Biopic, drame britannique de 2026, r\u00e9alis\u00e9 par Kirk Jones (II) avec Robert Aramayo, Shirley Henderson, Maxine Peake, entre autres, d&rsquo;une dur\u00e9e de 2h01 min.<\/p>\n\n\n\n<p><em><strong>V<\/strong>ersion <strong>O<\/strong>riginale <strong>S<\/strong>ous <strong>T<\/strong>itr\u00e9e<\/em><\/p>\n\n\n\n<details class=\"wp-block-details is-layout-flow wp-block-details-is-layout-flow\"><summary><strong>Synopsis<\/strong><\/summary>\n<p>Dans les ann\u00e9es 1980, John Davidson grandit avec le syndrome de Gilles de la Tourette, une pathologie encore largement m\u00e9connue. Entre incompr\u00e9hension, stigmatisation et d\u00e9termination, son parcours d\u2019abord sem\u00e9 d&#8217;emb\u00fbches se transforme en combat pour \u00eatre reconnu tel qu\u2019il est, au-del\u00e0 des pr\u00e9jug\u00e9s.<\/p>\n<\/details>\n<\/div><\/div>\n\n\n\n<div style=\"height:21px\" aria-hidden=\"true\" class=\"wp-block-spacer\"><\/div>\n\n\n\n<hr class=\"wp-block-separator has-alpha-channel-opacity\"\/>\n\n\n\n<div style=\"height:23px\" aria-hidden=\"true\" class=\"wp-block-spacer\"><\/div>\n","protected":false},"excerpt":{"rendered":"","protected":false},"author":1,"featured_media":0,"comment_status":"open","ping_status":"open","sticky":false,"template":"","format":"standard","meta":{"footnotes":""},"categories":[22,6],"tags":[],"class_list":["post-3979","post","type-post","status-publish","format-standard","hentry","category-22","category-programme"],"_links":{"self":[{"href":"https:\/\/elzede.net\/acl\/wp-json\/wp\/v2\/posts\/3979","targetHints":{"allow":["GET"]}}],"collection":[{"href":"https:\/\/elzede.net\/acl\/wp-json\/wp\/v2\/posts"}],"about":[{"href":"https:\/\/elzede.net\/acl\/wp-json\/wp\/v2\/types\/post"}],"author":[{"embeddable":true,"href":"https:\/\/elzede.net\/acl\/wp-json\/wp\/v2\/users\/1"}],"replies":[{"embeddable":true,"href":"https:\/\/elzede.net\/acl\/wp-json\/wp\/v2\/comments?post=3979"}],"version-history":[{"count":1,"href":"https:\/\/elzede.net\/acl\/wp-json\/wp\/v2\/posts\/3979\/revisions"}],"predecessor-version":[{"id":3986,"href":"https:\/\/elzede.net\/acl\/wp-json\/wp\/v2\/posts\/3979\/revisions\/3986"}],"wp:attachment":[{"href":"https:\/\/elzede.net\/acl\/wp-json\/wp\/v2\/media?parent=3979"}],"wp:term":[{"taxonomy":"category","embeddable":true,"href":"https:\/\/elzede.net\/acl\/wp-json\/wp\/v2\/categories?post=3979"},{"taxonomy":"post_tag","embeddable":true,"href":"https:\/\/elzede.net\/acl\/wp-json\/wp\/v2\/tags?post=3979"}],"curies":[{"name":"wp","href":"https:\/\/api.w.org\/{rel}","templated":true}]}}