{"id":3876,"date":"2026-03-11T18:07:11","date_gmt":"2026-03-11T17:07:11","guid":{"rendered":"https:\/\/elzede.net\/acl\/?p=3876"},"modified":"2026-03-25T18:26:45","modified_gmt":"2026-03-25T17:26:45","slug":"les-amis-cest-tout-un-programme","status":"publish","type":"post","link":"https:\/\/elzede.net\/acl\/les-amis-cest-tout-un-programme\/","title":{"rendered":"Les amis, c\u2019est tout un programme\u202f!"},"content":{"rendered":"\n<figure class=\"wp-block-image size-full\"><img loading=\"lazy\" decoding=\"async\" width=\"516\" height=\"716\" src=\"https:\/\/elzede.net\/acl\/wp-content\/uploads\/2026\/03\/AFFICHE-FETE-DU-COURT-GRAVELOT-1.png\" alt=\"\" class=\"wp-image-3877\" srcset=\"https:\/\/elzede.net\/acl\/wp-content\/uploads\/2026\/03\/AFFICHE-FETE-DU-COURT-GRAVELOT-1.png 516w, https:\/\/elzede.net\/acl\/wp-content\/uploads\/2026\/03\/AFFICHE-FETE-DU-COURT-GRAVELOT-1-216x300.png 216w\" sizes=\"auto, (max-width: 516px) 100vw, 516px\" \/><\/figure>\n\n\n\n<h2 class=\"wp-block-heading\">LA F\u00caTE DU COURT<\/h2>\n\n\n\n<h2 class=\"wp-block-heading\">Du mercredi 25 au mardi 31 mars<\/h2>\n\n\n\n<blockquote class=\"wp-block-quote is-layout-flow wp-block-quote-is-layout-flow\">\n<p>La principale manifestation organis\u00e9e par les Amis du Cin\u00e9ma en ce mois de mars sera la F\u00eate du court du mercredi 25 au mardi 31 mars avec une dizaine de projections gratuites, pour l\u2019essentiel destin\u00e9es aux \u00e9coliers de Lion et aux \u00e9tablissements sp\u00e9cialis\u00e9s. La pr\u00e9sence de quelques b\u00e9n\u00e9voles est souhait\u00e9e pour accueillir ces jeunes autour d\u2019un go\u00fbter.<\/p>\n<\/blockquote>\n\n\n\n<p>Deux s\u00e9ances seront publiques tout en restant gratuites.<\/p>\n\n\n\n<h2 class=\"wp-block-heading\">Le samedi 28 mars \u00e0 10h<\/h2>\n\n\n\n<p>Cin\u00e9 petit d\u00e9jeuner organis\u00e9 par les Petits \u00e9crans de nacre et La Bonne Arriv\u00e9e. <br>A destination du jeune public<\/p>\n\n\n\n<h2 class=\"wp-block-heading\">Le samedi 28 mars \u00e0 19h<\/h2>\n\n\n\n<p>S\u00e9ance tout public avec s\u00e9lection du gravelot de cristal 2026.<\/p>\n\n\n\n<p>Venez faire partie du jury et d\u00e9cernez ce troph\u00e9e sp\u00e9cifiquement lionnais parmi un programme de cinq courts<\/p>\n\n\n\n<div style=\"height:100px\" aria-hidden=\"true\" class=\"wp-block-spacer\"><\/div>\n\n\n\n<hr class=\"wp-block-separator has-alpha-channel-opacity\"\/>\n\n\n\n<div style=\"height:100px\" aria-hidden=\"true\" class=\"wp-block-spacer\"><\/div>\n","protected":false},"excerpt":{"rendered":"<p>LA F\u00caTE DU COURT Du mercredi 25 au mardi 31 mars La principale manifestation organis\u00e9e par les Amis du Cin\u00e9ma en ce mois de mars sera la F\u00eate du court du mercredi 25 au mardi 31 mars avec une dizaine de projections gratuites, pour l\u2019essentiel destin\u00e9es aux \u00e9coliers de Lion et aux \u00e9tablissements sp\u00e9cialis\u00e9s. La &hellip; <\/p>\n<p class=\"link-more\"><a href=\"https:\/\/elzede.net\/acl\/les-amis-cest-tout-un-programme\/\" class=\"more-link\">Continuer la lecture<span class=\"screen-reader-text\"> de &laquo;&nbsp;Les amis, c\u2019est tout un programme\u202f!&nbsp;&raquo;<\/span><\/a><\/p>\n","protected":false},"author":1,"featured_media":0,"comment_status":"open","ping_status":"open","sticky":false,"template":"","format":"standard","meta":{"footnotes":""},"categories":[22,18],"tags":[],"class_list":["post-3876","post","type-post","status-publish","format-standard","hentry","category-22","category-nosevenements"],"_links":{"self":[{"href":"https:\/\/elzede.net\/acl\/wp-json\/wp\/v2\/posts\/3876","targetHints":{"allow":["GET"]}}],"collection":[{"href":"https:\/\/elzede.net\/acl\/wp-json\/wp\/v2\/posts"}],"about":[{"href":"https:\/\/elzede.net\/acl\/wp-json\/wp\/v2\/types\/post"}],"author":[{"embeddable":true,"href":"https:\/\/elzede.net\/acl\/wp-json\/wp\/v2\/users\/1"}],"replies":[{"embeddable":true,"href":"https:\/\/elzede.net\/acl\/wp-json\/wp\/v2\/comments?post=3876"}],"version-history":[{"count":5,"href":"https:\/\/elzede.net\/acl\/wp-json\/wp\/v2\/posts\/3876\/revisions"}],"predecessor-version":[{"id":3926,"href":"https:\/\/elzede.net\/acl\/wp-json\/wp\/v2\/posts\/3876\/revisions\/3926"}],"wp:attachment":[{"href":"https:\/\/elzede.net\/acl\/wp-json\/wp\/v2\/media?parent=3876"}],"wp:term":[{"taxonomy":"category","embeddable":true,"href":"https:\/\/elzede.net\/acl\/wp-json\/wp\/v2\/categories?post=3876"},{"taxonomy":"post_tag","embeddable":true,"href":"https:\/\/elzede.net\/acl\/wp-json\/wp\/v2\/tags?post=3876"}],"curies":[{"name":"wp","href":"https:\/\/api.w.org\/{rel}","templated":true}]}}