{"id":3870,"date":"2026-03-11T17:09:13","date_gmt":"2026-03-11T16:09:13","guid":{"rendered":"https:\/\/elzede.net\/acl\/?p=3870"},"modified":"2026-03-25T09:31:05","modified_gmt":"2026-03-25T08:31:05","slug":"on-veut-tous-se-depasser-jouer-les-super-heros-mais-sans-intention-solide-meme-la-cape-ne-sert-a-rien","status":"publish","type":"post","link":"https:\/\/elzede.net\/acl\/on-veut-tous-se-depasser-jouer-les-super-heros-mais-sans-intention-solide-meme-la-cape-ne-sert-a-rien\/","title":{"rendered":"On veut tous se d\u00e9passer, jouer les super\u2011h\u00e9ros\u2026 mais sans intention solide, m\u00eame la cape ne sert \u00e0 rien."},"content":{"rendered":"\n<div style=\"height:21px\" aria-hidden=\"true\" class=\"wp-block-spacer\"><\/div>\n\n\n\n<hr class=\"wp-block-separator has-alpha-channel-opacity\"\/>\n\n\n\n<div style=\"height:23px\" aria-hidden=\"true\" class=\"wp-block-spacer\"><\/div>\n\n\n\n<div class=\"wp-block-media-text is-stacked-on-mobile\"><figure class=\"wp-block-media-text__media\"><img loading=\"lazy\" decoding=\"async\" width=\"768\" height=\"1024\" src=\"https:\/\/elzede.net\/acl\/wp-content\/uploads\/2026\/03\/MartySupreme-768x1024.jpg\" alt=\"\" class=\"wp-image-3873 size-full\" srcset=\"https:\/\/elzede.net\/acl\/wp-content\/uploads\/2026\/03\/MartySupreme-768x1024.jpg 768w, https:\/\/elzede.net\/acl\/wp-content\/uploads\/2026\/03\/MartySupreme-225x300.jpg 225w, https:\/\/elzede.net\/acl\/wp-content\/uploads\/2026\/03\/MartySupreme.jpg 810w\" sizes=\"auto, (max-width: 767px) 89vw, (max-width: 1000px) 54vw, (max-width: 1071px) 543px, 580px\" \/><\/figure><div class=\"wp-block-media-text__content\">\n<h2 class=\"wp-block-heading\">VEN. 20 MARS &#8211; 20h30 &#8211;<\/h2>\n\n\n\n<p>Drame am\u00e9ricain de 2026, r\u00e9alis\u00e9 par Josh Safdie avec Timoth\u00e9e Chalamet et Gwyneth Paltrow, entre autres, d&rsquo;une dur\u00e9e de 2h30 min.<\/p>\n\n\n\n<p><em><strong>V<\/strong>ersion <strong>O<\/strong>riginale <strong>S<\/strong>ous <strong>T<\/strong>itr\u00e9e<\/em><\/p>\n\n\n\n<details class=\"wp-block-details is-layout-flow wp-block-details-is-layout-flow\"><summary><strong>Synopsis<\/strong><\/summary>\n<p>Marty Mauser, un jeune homme \u00e0 l\u2019ambition d\u00e9mesur\u00e9e, est pr\u00eat \u00e0 tout pour r\u00e9aliser son r\u00eave et prouver au monde entier que rien ne lui est impossible.<\/p>\n<\/details>\n<\/div><\/div>\n\n\n\n<div style=\"height:21px\" aria-hidden=\"true\" class=\"wp-block-spacer\"><\/div>\n\n\n\n<hr class=\"wp-block-separator has-alpha-channel-opacity\"\/>\n\n\n\n<div style=\"height:23px\" aria-hidden=\"true\" class=\"wp-block-spacer\"><\/div>\n\n\n\n<div class=\"wp-block-media-text is-stacked-on-mobile\"><figure class=\"wp-block-media-text__media\"><img loading=\"lazy\" decoding=\"async\" width=\"680\" height=\"924\" src=\"https:\/\/elzede.net\/acl\/wp-content\/uploads\/2026\/03\/LesEnfantsDeLaResistance.webp\" alt=\"\" class=\"wp-image-3872 size-full\" srcset=\"https:\/\/elzede.net\/acl\/wp-content\/uploads\/2026\/03\/LesEnfantsDeLaResistance.webp 680w, https:\/\/elzede.net\/acl\/wp-content\/uploads\/2026\/03\/LesEnfantsDeLaResistance-221x300.webp 221w\" sizes=\"auto, (max-width: 680px) 100vw, 680px\" \/><\/figure><div class=\"wp-block-media-text__content\">\n<h2 class=\"wp-block-heading\">MARDI 17 MARS &#8211; 14h30 &#8211;<br>MARDI 17 MARS &#8211; 20h30 &#8211;<\/h2>\n\n\n\n<p>Drame fran\u00e7ais de 2026, r\u00e9alis\u00e9 par Christophe Barratier, d&rsquo;une dur\u00e9e de 1h41 min.<\/p>\n\n\n\n<p><strong><mark style=\"background-color:rgba(0, 0, 0, 0)\" class=\"has-inline-color has-pale-cyan-blue-color\">Organis\u00e9e par l&rsquo;Atelier du temps libre<\/mark><\/strong><\/p>\n\n\n\n<details class=\"wp-block-details is-layout-flow wp-block-details-is-layout-flow\"><summary><strong>Synopsis<\/strong><\/summary>\n<p>Pendant l\u2019occupation allemande durant la Seconde Guerre mondiale, Fran\u00e7ois, Eus\u00e8be et Lisa, trois enfants courageux, se lancent dans une aventure secr\u00e8te : r\u00e9sister aux nazis en plein c\u0153ur de la France. Sabotages, messages cach\u00e9s et \u00e9vasions p\u00e9rilleuses, ils m\u00e8nent des actions clandestines sous le nez de l\u2019ennemi. L\u2019audace et l\u2019amiti\u00e9 sont leurs seules armes pour lutter contre l\u2019injustice.<\/p>\n<\/details>\n<\/div><\/div>\n\n\n\n<div style=\"height:21px\" aria-hidden=\"true\" class=\"wp-block-spacer\"><\/div>\n\n\n\n<hr class=\"wp-block-separator has-alpha-channel-opacity\"\/>\n\n\n\n<div style=\"height:23px\" aria-hidden=\"true\" class=\"wp-block-spacer\"><\/div>\n\n\n\n<div class=\"wp-block-media-text is-stacked-on-mobile\"><figure class=\"wp-block-media-text__media\"><img loading=\"lazy\" decoding=\"async\" width=\"768\" height=\"1024\" src=\"https:\/\/elzede.net\/acl\/wp-content\/uploads\/2026\/03\/SuperCharlie-768x1024.webp\" alt=\"\" class=\"wp-image-3871 size-full\" srcset=\"https:\/\/elzede.net\/acl\/wp-content\/uploads\/2026\/03\/SuperCharlie-768x1024.webp 768w, https:\/\/elzede.net\/acl\/wp-content\/uploads\/2026\/03\/SuperCharlie-225x300.webp 225w, https:\/\/elzede.net\/acl\/wp-content\/uploads\/2026\/03\/SuperCharlie.webp 810w\" sizes=\"auto, (max-width: 767px) 89vw, (max-width: 1000px) 54vw, (max-width: 1071px) 543px, 580px\" \/><\/figure><div class=\"wp-block-media-text__content\">\n<h2 class=\"wp-block-heading\">DIM. 15 MARS &#8211; 10h30 &#8211;<\/h2>\n\n\n\n<p>Animation su\u00e9doise de 2026, r\u00e9alis\u00e9 par Jon Holmberg, d&rsquo;une dur\u00e9e de 1h20 min.<\/p>\n\n\n\n<details class=\"wp-block-details is-layout-flow wp-block-details-is-layout-flow\"><summary><strong>Synopsis<\/strong><\/summary>\n<p>Will \u00e2g\u00e9 de 10 ans, a toujours r\u00eav\u00e9 de devenir un super-h\u00e9ros et de lutter contre le crime aux c\u00f4t\u00e9s de son p\u00e8re, policier. Mais, son r\u00eave est brutalement remis en cause \u00e0 la naissance de son petit fr\u00e8re Charlie. Non seulement ce nourrisson attire toute l\u2019attention de la famille et au-del\u00e0, mais Will d\u00e9couvre que Charlie a des super-pouvoirs \u2026 Lorsqu\u2019un super-vilain et un scientifique d\u00e9rang\u00e9 mettent en \u0153uvre un plan diabolique, Charlie, coach\u00e9 par son grand fr\u00e8re, va alors endosser le costume de super-h\u00e9ros pour sauver le monde !\u2026 Y parviendront-ils ?<\/p>\n<\/details>\n<\/div><\/div>\n\n\n\n<div style=\"height:21px\" aria-hidden=\"true\" class=\"wp-block-spacer\"><\/div>\n\n\n\n<hr class=\"wp-block-separator has-alpha-channel-opacity\"\/>\n\n\n\n<div style=\"height:23px\" aria-hidden=\"true\" class=\"wp-block-spacer\"><\/div>\n","protected":false},"excerpt":{"rendered":"","protected":false},"author":1,"featured_media":0,"comment_status":"open","ping_status":"open","sticky":false,"template":"","format":"standard","meta":{"footnotes":""},"categories":[22,7],"tags":[],"class_list":["post-3870","post","type-post","status-publish","format-standard","hentry","category-22","category-archive"],"_links":{"self":[{"href":"https:\/\/elzede.net\/acl\/wp-json\/wp\/v2\/posts\/3870","targetHints":{"allow":["GET"]}}],"collection":[{"href":"https:\/\/elzede.net\/acl\/wp-json\/wp\/v2\/posts"}],"about":[{"href":"https:\/\/elzede.net\/acl\/wp-json\/wp\/v2\/types\/post"}],"author":[{"embeddable":true,"href":"https:\/\/elzede.net\/acl\/wp-json\/wp\/v2\/users\/1"}],"replies":[{"embeddable":true,"href":"https:\/\/elzede.net\/acl\/wp-json\/wp\/v2\/comments?post=3870"}],"version-history":[{"count":2,"href":"https:\/\/elzede.net\/acl\/wp-json\/wp\/v2\/posts\/3870\/revisions"}],"predecessor-version":[{"id":3875,"href":"https:\/\/elzede.net\/acl\/wp-json\/wp\/v2\/posts\/3870\/revisions\/3875"}],"wp:attachment":[{"href":"https:\/\/elzede.net\/acl\/wp-json\/wp\/v2\/media?parent=3870"}],"wp:term":[{"taxonomy":"category","embeddable":true,"href":"https:\/\/elzede.net\/acl\/wp-json\/wp\/v2\/categories?post=3870"},{"taxonomy":"post_tag","embeddable":true,"href":"https:\/\/elzede.net\/acl\/wp-json\/wp\/v2\/tags?post=3870"}],"curies":[{"name":"wp","href":"https:\/\/api.w.org\/{rel}","templated":true}]}}