{"id":3765,"date":"2026-01-23T16:19:51","date_gmt":"2026-01-23T15:19:51","guid":{"rendered":"https:\/\/elzede.net\/acl\/?p=3765"},"modified":"2026-02-06T16:11:57","modified_gmt":"2026-02-06T15:11:57","slug":"avec-un-peu-deau-et-une-eponge-on-peut-meme-faire-briller-les-etoiles","status":"publish","type":"post","link":"https:\/\/elzede.net\/acl\/avec-un-peu-deau-et-une-eponge-on-peut-meme-faire-briller-les-etoiles\/","title":{"rendered":"Avec un peu d\u2019eau et une \u00e9ponge, on peut m\u00eame faire briller les \u00e9toiles !"},"content":{"rendered":"\n<div style=\"height:23px\" aria-hidden=\"true\" class=\"wp-block-spacer\"><\/div>\n\n\n\n<hr class=\"wp-block-separator has-alpha-channel-opacity\"\/>\n\n\n\n<div style=\"height:23px\" aria-hidden=\"true\" class=\"wp-block-spacer\"><\/div>\n\n\n\n<div class=\"wp-block-media-text is-stacked-on-mobile\"><figure class=\"wp-block-media-text__media\"><img loading=\"lazy\" decoding=\"async\" width=\"768\" height=\"1024\" src=\"https:\/\/elzede.net\/acl\/wp-content\/uploads\/2026\/01\/Qui-brille-au-combat-768x1024.webp\" alt=\"\" class=\"wp-image-3769 size-full\" srcset=\"https:\/\/elzede.net\/acl\/wp-content\/uploads\/2026\/01\/Qui-brille-au-combat-768x1024.webp 768w, https:\/\/elzede.net\/acl\/wp-content\/uploads\/2026\/01\/Qui-brille-au-combat-225x300.webp 225w, https:\/\/elzede.net\/acl\/wp-content\/uploads\/2026\/01\/Qui-brille-au-combat.webp 810w\" sizes=\"auto, (max-width: 767px) 89vw, (max-width: 1000px) 54vw, (max-width: 1071px) 543px, 580px\" \/><\/figure><div class=\"wp-block-media-text__content\">\n<h2 class=\"wp-block-heading\">MARDI 27 JAN. &#8211; 20h30 &#8211;<\/h2>\n\n\n\n<p>Drame fran\u00e7ais de 2025, r\u00e9alis\u00e9 par Jos\u00e9phine Japy avec M\u00e9lanie Laurent, Pierre-Yves Cardinal et Sarah Pachoud, entre autres, d&rsquo;une dur\u00e9e de 1h5O min.<\/p>\n\n\n\n<details class=\"wp-block-details is-layout-flow wp-block-details-is-layout-flow\"><summary><strong>Synopsis<\/strong><\/summary>\n<p>Qui Brille au Combat est le sens \u00e9tymologique du pr\u00e9nom Bertille, la plus jeune des deux s\u0153urs de la famille Roussier, atteinte d\u2019un handicap lourd au diagnostic incertain. La famille vit dans un \u00e9quilibre fragile autour de cet enfant qui accapare les efforts et pens\u00e9es de chacun, et qui pourrait perdre la vie a\u0300 tout moment. Chacun se construit, vit comme il peut avec les exigences de ce rythme et les incertitudes qui l\u2019accompagnent. Les parents, Madeleine et Gilles, la s\u0153ur a\u00een\u00e9e, Marion. Quel quotidien et quels avenirs pour une m\u00e8re, un p\u00e8re, un couple, une adolescente que la responsabilit\u00e9 \u200b de sa cadette a rendu trop vite adulte ? Lorsqu\u2019un nouveau diagnostic est pose\u0301, les cartes sont rebattues et un nouvel horizon se dessine\u2026<\/p>\n<\/details>\n<\/div><\/div>\n\n\n\n<div style=\"height:23px\" aria-hidden=\"true\" class=\"wp-block-spacer\"><\/div>\n\n\n\n<hr class=\"wp-block-separator has-alpha-channel-opacity\"\/>\n\n\n\n<div style=\"height:23px\" aria-hidden=\"true\" class=\"wp-block-spacer\"><\/div>\n\n\n\n<div class=\"wp-block-media-text is-stacked-on-mobile\"><figure class=\"wp-block-media-text__media\"><img loading=\"lazy\" decoding=\"async\" width=\"691\" height=\"1024\" src=\"https:\/\/elzede.net\/acl\/wp-content\/uploads\/2026\/01\/bob-691x1024.jpg\" alt=\"\" class=\"wp-image-3768 size-full\" srcset=\"https:\/\/elzede.net\/acl\/wp-content\/uploads\/2026\/01\/bob-691x1024.jpg 691w, https:\/\/elzede.net\/acl\/wp-content\/uploads\/2026\/01\/bob-203x300.jpg 203w, https:\/\/elzede.net\/acl\/wp-content\/uploads\/2026\/01\/bob.jpg 729w\" sizes=\"auto, (max-width: 691px) 100vw, 691px\" \/><\/figure><div class=\"wp-block-media-text__content\">\n<h2 class=\"wp-block-heading\">DIM. 25 JAN. &#8211; 17h00 &#8211;<\/h2>\n\n\n\n<p>Animation, aventure, Com\u00e9die familiale  am\u00e9ricaine de 2025, r\u00e9alis\u00e9 par Derek Drymon, entre autres, d&rsquo;une dur\u00e9e de 1h28 min.<\/p>\n\n\n\n<details class=\"wp-block-details is-layout-flow wp-block-details-is-layout-flow\"><summary><strong>Synopsis<\/strong><\/summary>\n<p>Bob l\u2019\u00e9ponge et ses amis de Bikini Bottom larguent les amarres pour leur plus grande aventure sur grand \u00e9cran : BOB L\u2019\u00c9PONGE \u2013 LE FILM : UN POUR TOUS, TOUS PIRATES ! Bien d\u00e9cid\u00e9 \u00e0 prouver \u00e0 M. Krabs qu\u2019il est d\u00e9sormais un grand gar\u00e7on, Bob se lance sur les traces du l\u00e9gendaire Hollandais Volant, un redoutable pirate fant\u00f4me. Cap sur une \u00e9pop\u00e9e d\u00e9jant\u00e9e, entre fous rires, frissons et p\u00e9rip\u00e9ties sous-marines, jusque dans les abysses les plus myst\u00e9rieux de l\u2019oc\u00e9an \u2014 l\u00e0 o\u00f9 aucune \u00e9ponge n\u2019a jamais os\u00e9 plonger!<\/p>\n<\/details>\n<\/div><\/div>\n\n\n\n<div style=\"height:23px\" aria-hidden=\"true\" class=\"wp-block-spacer\"><\/div>\n\n\n\n<hr class=\"wp-block-separator has-alpha-channel-opacity\"\/>\n\n\n\n<div style=\"height:23px\" aria-hidden=\"true\" class=\"wp-block-spacer\"><\/div>\n\n\n\n<div class=\"wp-block-media-text is-stacked-on-mobile\"><figure class=\"wp-block-media-text__media\"><img loading=\"lazy\" decoding=\"async\" width=\"754\" height=\"1024\" src=\"https:\/\/elzede.net\/acl\/wp-content\/uploads\/2026\/01\/SallyBauer-754x1024.webp\" alt=\"\" class=\"wp-image-3766 size-full\" srcset=\"https:\/\/elzede.net\/acl\/wp-content\/uploads\/2026\/01\/SallyBauer-754x1024.webp 754w, https:\/\/elzede.net\/acl\/wp-content\/uploads\/2026\/01\/SallyBauer-221x300.webp 221w, https:\/\/elzede.net\/acl\/wp-content\/uploads\/2026\/01\/SallyBauer-768x1043.webp 768w, https:\/\/elzede.net\/acl\/wp-content\/uploads\/2026\/01\/SallyBauer.webp 795w\" sizes=\"auto, (max-width: 706px) 89vw, (max-width: 767px) 82vw, 740px\" \/><\/figure><div class=\"wp-block-media-text__content\">\n<h2 class=\"wp-block-heading\">SAM. 24 JAN. &#8211; 20h30 &#8211;<\/h2>\n\n\n\n<p>Biopic, drame su\u00e9dois de 2025, r\u00e9alis\u00e9 par  Frida Kemptff avec Josefin Nelden et Mikkel Boe Folsgaard, entre autres, d&rsquo;une dur\u00e9e de 1h59 min.<\/p>\n\n\n\n<p><em><strong>V<\/strong>ersion <strong>O<\/strong>riginale <strong>S<\/strong>ous <strong>T<\/strong>itr\u00e9e<\/em><\/p>\n\n\n\n<p><strong><strong>En partenariat avec les Louphoques d\u2019Hermanville dans le cadre<br>de son week-end du froid. S\u00e9ance de yoga, de relaxation et nage en<br>eau froide en sus.<\/strong><\/strong><\/p>\n\n\n\n<details class=\"wp-block-details is-layout-flow wp-block-details-is-layout-flow\"><summary><strong>Synopsis<\/strong><\/summary>\n<p>Su\u00e8de, 1939. Alors que l\u2019ombre de la Guerre plane sur l\u2019Europe, Sally Bauer, m\u00e8re c\u00e9libataire de 30 ans, r\u00eave d\u2019un autre combat : traverser la Manche \u00e0 la nage et entrer dans l\u2019Histoire. Mais son ambition d\u00e9range\u2026<\/p>\n<\/details>\n<\/div><\/div>\n\n\n\n<div style=\"height:23px\" aria-hidden=\"true\" class=\"wp-block-spacer\"><\/div>\n\n\n\n<hr class=\"wp-block-separator has-alpha-channel-opacity\"\/>\n\n\n\n<div style=\"height:23px\" aria-hidden=\"true\" class=\"wp-block-spacer\"><\/div>\n","protected":false},"excerpt":{"rendered":"","protected":false},"author":1,"featured_media":0,"comment_status":"open","ping_status":"open","sticky":false,"template":"","format":"standard","meta":{"footnotes":""},"categories":[22,7],"tags":[],"class_list":["post-3765","post","type-post","status-publish","format-standard","hentry","category-22","category-archive"],"_links":{"self":[{"href":"https:\/\/elzede.net\/acl\/wp-json\/wp\/v2\/posts\/3765","targetHints":{"allow":["GET"]}}],"collection":[{"href":"https:\/\/elzede.net\/acl\/wp-json\/wp\/v2\/posts"}],"about":[{"href":"https:\/\/elzede.net\/acl\/wp-json\/wp\/v2\/types\/post"}],"author":[{"embeddable":true,"href":"https:\/\/elzede.net\/acl\/wp-json\/wp\/v2\/users\/1"}],"replies":[{"embeddable":true,"href":"https:\/\/elzede.net\/acl\/wp-json\/wp\/v2\/comments?post=3765"}],"version-history":[{"count":4,"href":"https:\/\/elzede.net\/acl\/wp-json\/wp\/v2\/posts\/3765\/revisions"}],"predecessor-version":[{"id":3775,"href":"https:\/\/elzede.net\/acl\/wp-json\/wp\/v2\/posts\/3765\/revisions\/3775"}],"wp:attachment":[{"href":"https:\/\/elzede.net\/acl\/wp-json\/wp\/v2\/media?parent=3765"}],"wp:term":[{"taxonomy":"category","embeddable":true,"href":"https:\/\/elzede.net\/acl\/wp-json\/wp\/v2\/categories?post=3765"},{"taxonomy":"post_tag","embeddable":true,"href":"https:\/\/elzede.net\/acl\/wp-json\/wp\/v2\/tags?post=3765"}],"curies":[{"name":"wp","href":"https:\/\/api.w.org\/{rel}","templated":true}]}}