{"id":3748,"date":"2026-01-12T18:09:26","date_gmt":"2026-01-12T17:09:26","guid":{"rendered":"https:\/\/elzede.net\/acl\/?p=3748"},"modified":"2026-01-30T09:45:02","modified_gmt":"2026-01-30T08:45:02","slug":"cette-semaine-on-pedale-dans-le-flou-on-retourne-tout-comme-un-vieux-grenier-on-fouille-le-passe-et-pourtant-le-futur-refuse-toujours-de-nous-filer-un-coup-de-pouce","status":"publish","type":"post","link":"https:\/\/elzede.net\/acl\/cette-semaine-on-pedale-dans-le-flou-on-retourne-tout-comme-un-vieux-grenier-on-fouille-le-passe-et-pourtant-le-futur-refuse-toujours-de-nous-filer-un-coup-de-pouce\/","title":{"rendered":"Cette semaine, on p\u00e9dale dans le flou, on retourne tout comme un vieux grenier, on fouille le pass\u00e9 et pourtant le futur refuse toujours de nous filer un coup de pouce."},"content":{"rendered":"\n<div style=\"height:23px\" aria-hidden=\"true\" class=\"wp-block-spacer\"><\/div>\n\n\n\n<hr class=\"wp-block-separator has-alpha-channel-opacity\"\/>\n\n\n\n<div style=\"height:23px\" aria-hidden=\"true\" class=\"wp-block-spacer\"><\/div>\n\n\n\n<div class=\"wp-block-media-text is-stacked-on-mobile\"><figure class=\"wp-block-media-text__media\"><img loading=\"lazy\" decoding=\"async\" width=\"768\" height=\"1024\" src=\"https:\/\/elzede.net\/acl\/wp-content\/uploads\/2026\/01\/Laurent-dans-le-vent-768x1024.jpg\" alt=\"\" class=\"wp-image-3762 size-full\" srcset=\"https:\/\/elzede.net\/acl\/wp-content\/uploads\/2026\/01\/Laurent-dans-le-vent-768x1024.jpg 768w, https:\/\/elzede.net\/acl\/wp-content\/uploads\/2026\/01\/Laurent-dans-le-vent-225x300.jpg 225w, https:\/\/elzede.net\/acl\/wp-content\/uploads\/2026\/01\/Laurent-dans-le-vent.jpg 800w\" sizes=\"auto, (max-width: 767px) 89vw, (max-width: 1000px) 54vw, (max-width: 1071px) 543px, 580px\" \/><\/figure><div class=\"wp-block-media-text__content\">\n<h2 class=\"wp-block-heading\">VEN. 23 JAN. &#8211; 20H30 &#8211;<\/h2>\n\n\n\n<p>Com\u00e9die dramatique fran\u00e7aise de 2025, r\u00e9alis\u00e9 par Anton Balekdjian, L\u00e9o Couture et Matt\u00e9o Eustachon avec Baptiste Perusat, B\u00e9atrice Dalle et Djanis Bouzyani, entre autres, d&rsquo;une dur\u00e9e de 1h50 min.<\/p>\n\n\n\n<details class=\"wp-block-details is-layout-flow wp-block-details-is-layout-flow\"><summary><strong>Synopsis<\/strong><\/summary>\n<p>\u00c0 29 ans, Laurent cherche un sens \u00e0 sa vie. Sans travail ni logement, il atterrit dans une station de ski d\u00e9serte hors-saison et s\u2019immisce dans la vie des rares habitant\u00b7es qu\u2019il rencontre. Quand les touristes arrivent avec l\u2019hiver, Laurent ne peut plus repartir.<\/p>\n<\/details>\n<\/div><\/div>\n\n\n\n<div style=\"height:23px\" aria-hidden=\"true\" class=\"wp-block-spacer\"><\/div>\n\n\n\n<hr class=\"wp-block-separator has-alpha-channel-opacity\"\/>\n\n\n\n<div style=\"height:23px\" aria-hidden=\"true\" class=\"wp-block-spacer\"><\/div>\n\n\n\n<div class=\"wp-block-media-text is-stacked-on-mobile\"><figure class=\"wp-block-media-text__media\"><img loading=\"lazy\" decoding=\"async\" width=\"768\" height=\"1024\" src=\"https:\/\/elzede.net\/acl\/wp-content\/uploads\/2026\/01\/rebuilding-768x1024.jpg\" alt=\"\" class=\"wp-image-3758 size-full\" srcset=\"https:\/\/elzede.net\/acl\/wp-content\/uploads\/2026\/01\/rebuilding-768x1024.jpg 768w, https:\/\/elzede.net\/acl\/wp-content\/uploads\/2026\/01\/rebuilding-225x300.jpg 225w, https:\/\/elzede.net\/acl\/wp-content\/uploads\/2026\/01\/rebuilding.jpg 810w\" sizes=\"auto, (max-width: 767px) 89vw, (max-width: 1000px) 54vw, (max-width: 1071px) 543px, 580px\" \/><\/figure><div class=\"wp-block-media-text__content\">\n<h2 class=\"wp-block-heading\">MARDI 20 JAN. &#8211; 20H30 &#8211;<\/h2>\n\n\n\n<p>Drame am\u00e9ricain de 2025, r\u00e9alis\u00e9 Par Max Walker-Silverman avec Josh O&rsquo;Connor, Meghann Fahy et Kali Reis, entre autres, d&rsquo;une dur\u00e9e de 1h35 min.<\/p>\n\n\n\n<p><em><strong>V<\/strong>ersion <strong>O<\/strong>riginale <strong>S<\/strong>ous <strong>T<\/strong>itr\u00e9e<\/em><\/p>\n\n\n\n<details class=\"wp-block-details is-layout-flow wp-block-details-is-layout-flow\"><summary><strong>Synopsis<\/strong><\/summary>\n<p>Dans l\u2019Ouest am\u00e9ricain, d\u00e9vast\u00e9 par des incendies ravageurs, Dusty voit son ranch an\u00e9anti par les flammes. Il trouve refuge dans un camp de fortune et commence lentement \u00e0 redonner du sens \u00e0 sa vie. Entour\u00e9 de personnes qui, comme lui, ont tout perdu, des liens inattendus se tissent. Port\u00e9 par l\u2019espoir de renouer avec sa fille et son ex-femme, il retrouve peu \u00e0 peu la volont\u00e9 de tout reconstruire.<\/p>\n<\/details>\n<\/div><\/div>\n\n\n\n<div style=\"height:23px\" aria-hidden=\"true\" class=\"wp-block-spacer\"><\/div>\n\n\n\n<hr class=\"wp-block-separator has-alpha-channel-opacity\"\/>\n\n\n\n<div style=\"height:23px\" aria-hidden=\"true\" class=\"wp-block-spacer\"><\/div>\n\n\n\n<div class=\"wp-block-media-text is-stacked-on-mobile\"><figure class=\"wp-block-media-text__media\"><img loading=\"lazy\" decoding=\"async\" width=\"768\" height=\"1024\" src=\"https:\/\/elzede.net\/acl\/wp-content\/uploads\/2026\/01\/le-chant-des-forets-768x1024.jpg\" alt=\"\" class=\"wp-image-3754 size-full\" srcset=\"https:\/\/elzede.net\/acl\/wp-content\/uploads\/2026\/01\/le-chant-des-forets-768x1024.jpg 768w, https:\/\/elzede.net\/acl\/wp-content\/uploads\/2026\/01\/le-chant-des-forets-225x300.jpg 225w, https:\/\/elzede.net\/acl\/wp-content\/uploads\/2026\/01\/le-chant-des-forets.jpg 810w\" sizes=\"auto, (max-width: 767px) 89vw, (max-width: 1000px) 54vw, (max-width: 1071px) 543px, 580px\" \/><\/figure><div class=\"wp-block-media-text__content\">\n<h2 class=\"wp-block-heading\">DIM. 18 JAN. &#8211; 17H00 &#8211;<\/h2>\n\n\n\n<p>Film documentaire fran\u00e7ais de 2025, r\u00e9alis\u00e9 par Vincent Munier d&rsquo;une dur\u00e9e de 1h33 min.<\/p>\n\n\n\n<details class=\"wp-block-details is-layout-flow wp-block-details-is-layout-flow\"><summary><strong>Synopsis<\/strong><\/summary>\n<p>Apr\u00e8s La Panth\u00e8re des neiges, Vincent Munier nous invite au coeur des for\u00eats des Vosges. C\u2019est ici qu\u2019il a tout appris gr\u00e2ce \u00e0 son p\u00e8re Michel, naturaliste, ayant pass\u00e9 sa vie \u00e0 l\u2019affut dans les bois. Il est l\u2019heure pour eux de transmettre ce savoir \u00e0 Simon, le fils de Vincent. Trois regards, trois g\u00e9n\u00e9rations, une m\u00eame fascination pour la vie sauvage. Nous d\u00e9couvrirons avec eux cerfs, oiseaux rares, renards et lynx\u2026 et parfois, le battement d\u2019ailes d\u2019un animal l\u00e9gendaire : le Grand T\u00e9tras.<\/p>\n<\/details>\n<\/div><\/div>\n\n\n\n<div style=\"height:23px\" aria-hidden=\"true\" class=\"wp-block-spacer\"><\/div>\n\n\n\n<hr class=\"wp-block-separator has-alpha-channel-opacity\"\/>\n\n\n\n<div style=\"height:23px\" aria-hidden=\"true\" class=\"wp-block-spacer\"><\/div>\n\n\n\n<div class=\"wp-block-media-text is-stacked-on-mobile\"><figure class=\"wp-block-media-text__media\"><img loading=\"lazy\" decoding=\"async\" width=\"768\" height=\"1024\" src=\"https:\/\/elzede.net\/acl\/wp-content\/uploads\/2026\/01\/springsteen-768x1024.webp\" alt=\"\" class=\"wp-image-3753 size-full\" srcset=\"https:\/\/elzede.net\/acl\/wp-content\/uploads\/2026\/01\/springsteen-768x1024.webp 768w, https:\/\/elzede.net\/acl\/wp-content\/uploads\/2026\/01\/springsteen-225x300.webp 225w, https:\/\/elzede.net\/acl\/wp-content\/uploads\/2026\/01\/springsteen.webp 810w\" sizes=\"auto, (max-width: 767px) 89vw, (max-width: 1000px) 54vw, (max-width: 1071px) 543px, 580px\" \/><\/figure><div class=\"wp-block-media-text__content\">\n<h2 class=\"wp-block-heading\">SAM. 17 JAN. &#8211; 10H30 &#8211;<\/h2>\n\n\n\n<p>Biopic am\u00e9ricain de 2025, r\u00e9alis\u00e9 par Scott Cooper avec Jeremy Allen White et Jeremy Strong, entre autres, d&rsquo;une dur\u00e9e de 2h.<\/p>\n\n\n\n<p><em><strong>V<\/strong>ersion <strong>O<\/strong>riginale <strong>S<\/strong>ous <strong>T<\/strong>itr\u00e9e<\/em><\/p>\n\n\n\n<p><strong>S\u00e9ance propos\u00e9e dans le cadre de l\u2019Assembl\u00e9e G\u00e9n\u00e9rale des Amis<br>du Cin\u00e9ma<\/strong><\/p>\n\n\n\n<details class=\"wp-block-details is-layout-flow wp-block-details-is-layout-flow\"><summary><strong>Synopsis<\/strong><\/summary>\n<p>La gen\u00e8se de l\u2019album \u201cNebraska\u201d au d\u00e9but des ann\u00e9es 80, p\u00e9riode au cours de laquelle le musicien, sur le point d\u2019acc\u00e9der \u00e0 une notori\u00e9t\u00e9 mondiale, lutte pour concilier les pressions du succ\u00e8s et les fant\u00f4mes de son pass\u00e9.<\/p>\n<\/details>\n<\/div><\/div>\n\n\n\n<div style=\"height:23px\" aria-hidden=\"true\" class=\"wp-block-spacer\"><\/div>\n\n\n\n<hr class=\"wp-block-separator has-alpha-channel-opacity\"\/>\n\n\n\n<div style=\"height:23px\" aria-hidden=\"true\" class=\"wp-block-spacer\"><\/div>\n\n\n\n<div class=\"wp-block-media-text is-stacked-on-mobile\"><figure class=\"wp-block-media-text__media\"><img loading=\"lazy\" decoding=\"async\" width=\"768\" height=\"1024\" src=\"https:\/\/elzede.net\/acl\/wp-content\/uploads\/2026\/01\/LAmeIdeale-768x1024.jpg\" alt=\"\" class=\"wp-image-3750 size-full\" srcset=\"https:\/\/elzede.net\/acl\/wp-content\/uploads\/2026\/01\/LAmeIdeale-768x1024.jpg 768w, https:\/\/elzede.net\/acl\/wp-content\/uploads\/2026\/01\/LAmeIdeale-225x300.jpg 225w, https:\/\/elzede.net\/acl\/wp-content\/uploads\/2026\/01\/LAmeIdeale.jpg 810w\" sizes=\"auto, (max-width: 767px) 89vw, (max-width: 1000px) 54vw, (max-width: 1071px) 543px, 580px\" \/><\/figure><div class=\"wp-block-media-text__content\">\n<h2 class=\"wp-block-heading\">VEN. 16 JAN. &#8211; 20H30 &#8211;<br>&amp; MARDI 20 JAN. &#8211; 14H30 &#8211;<\/h2>\n\n\n\n<p>Animation allemande de 2025, r\u00e9alis\u00e9 <em>par Alice Vial, avec M\u00e9lanie L\u00e9pine Blondeau et Jonathan Cohen<\/em>, entre autres, d&rsquo;une dur\u00e9e de 1h43 min.<\/p>\n\n\n\n<p><strong><em>&#8211; <strong>En partenariat avec les ATL<\/strong>&#8211;<\/em><\/strong><\/p>\n\n\n\n<details class=\"wp-block-details is-layout-flow wp-block-details-is-layout-flow\"><summary><strong>Synopsis<\/strong><\/summary>\n<p>Elsa, 40 ans, c\u00e9libataire, a renonc\u00e9 aux histoires d\u2019amour. Un don un peu sp\u00e9cial la garde \u00e0 distance des autres : elle peut voir et parler aux morts. Pourtant un soir elle rencontre Oscar, un homme dr\u00f4le et charmant, qui lui fait esp\u00e9rer \u00e0 nouveau que tout est possible. Mais au moment o\u00f9 elle commence enfin \u00e0 tomber amoureuse, Elsa r\u00e9alise que leur histoire n\u2019est pas aussi r\u00e9elle que ce qu\u2019elle pensait.<\/p>\n<\/details>\n<\/div><\/div>\n\n\n\n<div style=\"height:23px\" aria-hidden=\"true\" class=\"wp-block-spacer\"><\/div>\n\n\n\n<hr class=\"wp-block-separator has-alpha-channel-opacity\"\/>\n\n\n\n<div style=\"height:23px\" aria-hidden=\"true\" class=\"wp-block-spacer\"><\/div>\n\n\n\n<div class=\"wp-block-media-text is-stacked-on-mobile\"><figure class=\"wp-block-media-text__media\"><img loading=\"lazy\" decoding=\"async\" width=\"768\" height=\"1024\" src=\"https:\/\/elzede.net\/acl\/wp-content\/uploads\/2026\/01\/condition-768x1024.webp\" alt=\"\" class=\"wp-image-3749 size-full\" srcset=\"https:\/\/elzede.net\/acl\/wp-content\/uploads\/2026\/01\/condition-768x1024.webp 768w, https:\/\/elzede.net\/acl\/wp-content\/uploads\/2026\/01\/condition-225x300.webp 225w, https:\/\/elzede.net\/acl\/wp-content\/uploads\/2026\/01\/condition.webp 810w\" sizes=\"auto, (max-width: 767px) 89vw, (max-width: 1000px) 54vw, (max-width: 1071px) 543px, 580px\" \/><\/figure><div class=\"wp-block-media-text__content\">\n<h2 class=\"wp-block-heading\">MARDI 13 JAN. &#8211; 20H30 &#8211;<\/h2>\n\n\n\n<p>Com\u00e9die dramatique fran\u00e7aise de 2025, r\u00e9alis\u00e9 par J\u00e9r\u00f4me Bonnell avec Swann Arlaud, Galatea Bellugi et  Louise Chevillott, entre autres,  d&rsquo;une dur\u00e9e de 1h43 min.<\/p>\n\n\n\n<details class=\"wp-block-details is-layout-flow wp-block-details-is-layout-flow\"><summary><strong>Synopsis<\/strong><\/summary>\n<p>C\u2019est l\u2019histoire de C\u00e9leste, jeune bonne employ\u00e9e chez Victoire et Andr\u00e9, en 1908. C\u2019est l\u2019histoire de Victoire, de l\u2019\u00e9pouse mod\u00e8le qu\u2019elle ne sait pas \u00eatre. Deux femmes que tout s\u00e9pare mais qui vivent sous le m\u00eame toit, d\u00e9fiant les conventions et les non-dits.<\/p>\n<\/details>\n<\/div><\/div>\n\n\n\n<div style=\"height:23px\" aria-hidden=\"true\" class=\"wp-block-spacer\"><\/div>\n\n\n\n<hr class=\"wp-block-separator has-alpha-channel-opacity\"\/>\n\n\n\n<div style=\"height:23px\" aria-hidden=\"true\" class=\"wp-block-spacer\"><\/div>\n","protected":false},"excerpt":{"rendered":"","protected":false},"author":1,"featured_media":0,"comment_status":"open","ping_status":"open","sticky":false,"template":"","format":"standard","meta":{"footnotes":""},"categories":[22,7],"tags":[],"class_list":["post-3748","post","type-post","status-publish","format-standard","hentry","category-22","category-archive"],"_links":{"self":[{"href":"https:\/\/elzede.net\/acl\/wp-json\/wp\/v2\/posts\/3748","targetHints":{"allow":["GET"]}}],"collection":[{"href":"https:\/\/elzede.net\/acl\/wp-json\/wp\/v2\/posts"}],"about":[{"href":"https:\/\/elzede.net\/acl\/wp-json\/wp\/v2\/types\/post"}],"author":[{"embeddable":true,"href":"https:\/\/elzede.net\/acl\/wp-json\/wp\/v2\/users\/1"}],"replies":[{"embeddable":true,"href":"https:\/\/elzede.net\/acl\/wp-json\/wp\/v2\/comments?post=3748"}],"version-history":[{"count":5,"href":"https:\/\/elzede.net\/acl\/wp-json\/wp\/v2\/posts\/3748\/revisions"}],"predecessor-version":[{"id":3763,"href":"https:\/\/elzede.net\/acl\/wp-json\/wp\/v2\/posts\/3748\/revisions\/3763"}],"wp:attachment":[{"href":"https:\/\/elzede.net\/acl\/wp-json\/wp\/v2\/media?parent=3748"}],"wp:term":[{"taxonomy":"category","embeddable":true,"href":"https:\/\/elzede.net\/acl\/wp-json\/wp\/v2\/categories?post=3748"},{"taxonomy":"post_tag","embeddable":true,"href":"https:\/\/elzede.net\/acl\/wp-json\/wp\/v2\/tags?post=3748"}],"curies":[{"name":"wp","href":"https:\/\/api.w.org\/{rel}","templated":true}]}}