{"id":3664,"date":"2025-12-09T16:36:01","date_gmt":"2025-12-09T15:36:01","guid":{"rendered":"https:\/\/elzede.net\/acl\/?p=3664"},"modified":"2025-12-30T16:44:32","modified_gmt":"2025-12-30T15:44:32","slug":"lamour-cest-la-magie-du-coeur","status":"publish","type":"post","link":"https:\/\/elzede.net\/acl\/lamour-cest-la-magie-du-coeur\/","title":{"rendered":"L&rsquo;amour, c&rsquo;est la magie du c\u0153ur !"},"content":{"rendered":"\n<div style=\"height:23px\" aria-hidden=\"true\" class=\"wp-block-spacer\"><\/div>\n\n\n\n<hr class=\"wp-block-separator has-alpha-channel-opacity\"\/>\n\n\n\n<div style=\"height:23px\" aria-hidden=\"true\" class=\"wp-block-spacer\"><\/div>\n\n\n\n<div class=\"wp-block-media-text is-stacked-on-mobile\"><figure class=\"wp-block-media-text__media\"><img loading=\"lazy\" decoding=\"async\" width=\"768\" height=\"1024\" src=\"https:\/\/elzede.net\/acl\/wp-content\/uploads\/2025\/12\/Affiche-femme-des-neiges-768x1024.webp\" alt=\"\" class=\"wp-image-3668 size-full\" srcset=\"https:\/\/elzede.net\/acl\/wp-content\/uploads\/2025\/12\/Affiche-femme-des-neiges-768x1024.webp 768w, https:\/\/elzede.net\/acl\/wp-content\/uploads\/2025\/12\/Affiche-femme-des-neiges-225x300.webp 225w, https:\/\/elzede.net\/acl\/wp-content\/uploads\/2025\/12\/Affiche-femme-des-neiges.webp 810w\" sizes=\"auto, (max-width: 767px) 89vw, (max-width: 1000px) 54vw, (max-width: 1071px) 543px, 580px\" \/><\/figure><div class=\"wp-block-media-text__content\">\n<p><\/p>\n\n\n\n<h2 class=\"wp-block-heading\">VEN. 12 D\u00c9C. 20H30<\/h2>\n\n\n\n<p>Com\u00e9die dramatique fran\u00e7aise de 2025, r\u00e9alis\u00e9 par S\u00e9bastien Betbeder, avec Blanche Gardin, Philippe Katerine et Bastien Bouillon, entre autres, d&rsquo;une dur\u00e9e de 1h42 min.<\/p>\n\n\n\n<details class=\"wp-block-details is-layout-flow wp-block-details-is-layout-flow\"><summary><strong>L&rsquo;INCROYABLE FEMME DES NEIGES<\/strong><\/summary>\n<p>Coline Morel, intr\u00e9pide exploratrice du P\u00f4le Nord, voit sa vie partir \u00e0 la d\u00e9rive. Apr\u00e8s des ann\u00e9es pass\u00e9es \u00e0 traquer ce y\u00e9ti auquel elle est la seule \u00e0 croire, elle se fait licencier et son compagnon la quitte. En pleine d\u00e9b\u00e2cle, Coline n\u2019a d\u2019autre choix que de rentrer dans son village natal. Elle y retrouve ses deux fr\u00e8res, Basile et Lolo, ainsi que son amour de jeunesse.<\/p>\n\n\n\n<p>Des montagnes du Jura jusqu\u2019\u00e0 l\u2019immensit\u00e9 des terres immuables du Groenland, une nouvelle aventure commence alors pour \u00ab l\u2019incroyable femme des neiges \u00bb.<\/p>\n<\/details>\n<\/div><\/div>\n\n\n\n<div style=\"height:23px\" aria-hidden=\"true\" class=\"wp-block-spacer\"><\/div>\n\n\n\n<hr class=\"wp-block-separator has-alpha-channel-opacity\"\/>\n\n\n\n<div style=\"height:23px\" aria-hidden=\"true\" class=\"wp-block-spacer\"><\/div>\n\n\n\n<div class=\"wp-block-media-text is-stacked-on-mobile\"><figure class=\"wp-block-media-text__media\"><img loading=\"lazy\" decoding=\"async\" width=\"768\" height=\"1024\" src=\"https:\/\/elzede.net\/acl\/wp-content\/uploads\/2025\/12\/Affiche-Insaisissables-3-768x1024.webp\" alt=\"\" class=\"wp-image-3667 size-full\" srcset=\"https:\/\/elzede.net\/acl\/wp-content\/uploads\/2025\/12\/Affiche-Insaisissables-3-768x1024.webp 768w, https:\/\/elzede.net\/acl\/wp-content\/uploads\/2025\/12\/Affiche-Insaisissables-3-225x300.webp 225w, https:\/\/elzede.net\/acl\/wp-content\/uploads\/2025\/12\/Affiche-Insaisissables-3.webp 810w\" sizes=\"auto, (max-width: 767px) 89vw, (max-width: 1000px) 54vw, (max-width: 1071px) 543px, 580px\" \/><\/figure><div class=\"wp-block-media-text__content\">\n<p><\/p>\n\n\n\n<h2 class=\"wp-block-heading\">DIM. 14 D\u00c9C. 17H00<\/h2>\n\n\n\n<p>Aventure, com\u00e9die, thriller am\u00e9ricain de 2025, r\u00e9alis\u00e9 par Ruben Fleischer, avec Jesse Eisenberg, Woody Harrelson et Dave Franco, entre autres, d&rsquo;une dur\u00e9e de 1h53 min. <br>Titre original <em>\u00ab\u00a0Now You See Me : Now You Don&rsquo;t\u00a0\u00bb<\/em><\/p>\n\n\n\n<details class=\"wp-block-details is-layout-flow wp-block-details-is-layout-flow\"><summary><strong>INSAISISSABLES 3<\/strong><\/summary>\n<p>Les Cavaliers sont de retour pour le braquage le plus impressionnant jamais imagin\u00e9 ! Accompagn\u00e9s d\u2019un groupe de jeunes magiciens qui esp\u00e8rent suivre leur trace, ils vont devoir repousser les limites de l\u2019illusion pour orchestrer leur tour le plus spectaculaire : d\u00e9rober le joyau le plus pr\u00e9cieux du monde des mains d\u2019une redoutable organisation criminelle\u2026<\/p>\n<\/details>\n<\/div><\/div>\n\n\n\n<div style=\"height:23px\" aria-hidden=\"true\" class=\"wp-block-spacer\"><\/div>\n\n\n\n<hr class=\"wp-block-separator has-alpha-channel-opacity\"\/>\n\n\n\n<div style=\"height:23px\" aria-hidden=\"true\" class=\"wp-block-spacer\"><\/div>\n\n\n\n<div class=\"wp-block-media-text is-stacked-on-mobile\"><figure class=\"wp-block-media-text__media\"><img loading=\"lazy\" decoding=\"async\" width=\"768\" height=\"1024\" src=\"https:\/\/elzede.net\/acl\/wp-content\/uploads\/2025\/12\/Afiche-des-preuves-damour-768x1024.jpg\" alt=\"\" class=\"wp-image-3665 size-full\" srcset=\"https:\/\/elzede.net\/acl\/wp-content\/uploads\/2025\/12\/Afiche-des-preuves-damour-768x1024.jpg 768w, https:\/\/elzede.net\/acl\/wp-content\/uploads\/2025\/12\/Afiche-des-preuves-damour-225x300.jpg 225w, https:\/\/elzede.net\/acl\/wp-content\/uploads\/2025\/12\/Afiche-des-preuves-damour.jpg 810w\" sizes=\"auto, (max-width: 767px) 89vw, (max-width: 1000px) 54vw, (max-width: 1071px) 543px, 580px\" \/><\/figure><div class=\"wp-block-media-text__content\">\n<p><\/p>\n\n\n\n<h2 class=\"wp-block-heading\">MARDI 16 D\u00c9C. 20H30<\/h2>\n\n\n\n<p>Com\u00e9die dramatique fran\u00e7aise de 2025, r\u00e9alis\u00e9 par Alice Douard , avec Ella Rumpf, Monia Chokri et No\u00e9mie Lvovsky, entre autres, d&rsquo;une dur\u00e9e de 1h37 min.<\/p>\n\n\n\n<details class=\"wp-block-details is-layout-flow wp-block-details-is-layout-flow\"><summary><strong>DES PREUVES D<\/strong>&lsquo;<strong>AMOUR<\/strong><\/summary>\n<p>C\u00e9line attend l\u2019arriv\u00e9e de son premier enfant. Mais elle n\u2019est pas enceinte. Dans trois mois, c\u2019est Nadia, sa femme, qui donnera naissance \u00e0 leur fille. Sous le regard de ses amis, de sa m\u00e8re, et aux yeux de la loi, elle cherche sa place et sa l\u00e9gitimit\u00e9.<\/p>\n<\/details>\n<\/div><\/div>\n\n\n\n<div style=\"height:23px\" aria-hidden=\"true\" class=\"wp-block-spacer\"><\/div>\n\n\n\n<hr class=\"wp-block-separator has-alpha-channel-opacity\"\/>\n\n\n\n<div style=\"height:23px\" aria-hidden=\"true\" class=\"wp-block-spacer\"><\/div>\n","protected":false},"excerpt":{"rendered":"","protected":false},"author":1,"featured_media":0,"comment_status":"open","ping_status":"open","sticky":false,"template":"","format":"standard","meta":{"footnotes":""},"categories":[21,7],"tags":[],"class_list":["post-3664","post","type-post","status-publish","format-standard","hentry","category-21","category-archive"],"_links":{"self":[{"href":"https:\/\/elzede.net\/acl\/wp-json\/wp\/v2\/posts\/3664","targetHints":{"allow":["GET"]}}],"collection":[{"href":"https:\/\/elzede.net\/acl\/wp-json\/wp\/v2\/posts"}],"about":[{"href":"https:\/\/elzede.net\/acl\/wp-json\/wp\/v2\/types\/post"}],"author":[{"embeddable":true,"href":"https:\/\/elzede.net\/acl\/wp-json\/wp\/v2\/users\/1"}],"replies":[{"embeddable":true,"href":"https:\/\/elzede.net\/acl\/wp-json\/wp\/v2\/comments?post=3664"}],"version-history":[{"count":5,"href":"https:\/\/elzede.net\/acl\/wp-json\/wp\/v2\/posts\/3664\/revisions"}],"predecessor-version":[{"id":3672,"href":"https:\/\/elzede.net\/acl\/wp-json\/wp\/v2\/posts\/3664\/revisions\/3672"}],"wp:attachment":[{"href":"https:\/\/elzede.net\/acl\/wp-json\/wp\/v2\/media?parent=3664"}],"wp:term":[{"taxonomy":"category","embeddable":true,"href":"https:\/\/elzede.net\/acl\/wp-json\/wp\/v2\/categories?post=3664"},{"taxonomy":"post_tag","embeddable":true,"href":"https:\/\/elzede.net\/acl\/wp-json\/wp\/v2\/tags?post=3664"}],"curies":[{"name":"wp","href":"https:\/\/api.w.org\/{rel}","templated":true}]}}