{"id":3657,"date":"2025-12-05T09:41:50","date_gmt":"2025-12-05T08:41:50","guid":{"rendered":"https:\/\/elzede.net\/acl\/?p=3657"},"modified":"2025-12-17T15:34:13","modified_gmt":"2025-12-17T14:34:13","slug":"on-semancipe-on-fait-des-rencontres-et-on-se-bat-contre-soi-meme-mais-cela-nous-transforme-t-il-vraiment","status":"publish","type":"post","link":"https:\/\/elzede.net\/acl\/on-semancipe-on-fait-des-rencontres-et-on-se-bat-contre-soi-meme-mais-cela-nous-transforme-t-il-vraiment\/","title":{"rendered":"On s&rsquo;\u00e9mancipe, on fait des rencontres et on se bat contre soi-m\u00eame, mais cela nous transforme-t-il vraiment ?"},"content":{"rendered":"\n<div style=\"height:23px\" aria-hidden=\"true\" class=\"wp-block-spacer\"><\/div>\n\n\n\n<hr class=\"wp-block-separator has-alpha-channel-opacity\"\/>\n\n\n\n<div style=\"height:23px\" aria-hidden=\"true\" class=\"wp-block-spacer\"><\/div>\n\n\n\n<div class=\"wp-block-media-text is-stacked-on-mobile\"><figure class=\"wp-block-media-text__media\"><img loading=\"lazy\" decoding=\"async\" width=\"754\" height=\"1024\" src=\"https:\/\/elzede.net\/acl\/wp-content\/uploads\/2025\/12\/la-petite-derniere-754x1024.jpg\" alt=\"\" class=\"wp-image-3658 size-full\" srcset=\"https:\/\/elzede.net\/acl\/wp-content\/uploads\/2025\/12\/la-petite-derniere-754x1024.jpg 754w, https:\/\/elzede.net\/acl\/wp-content\/uploads\/2025\/12\/la-petite-derniere-221x300.jpg 221w, https:\/\/elzede.net\/acl\/wp-content\/uploads\/2025\/12\/la-petite-derniere-768x1043.jpg 768w, https:\/\/elzede.net\/acl\/wp-content\/uploads\/2025\/12\/la-petite-derniere.jpg 795w\" sizes=\"auto, (max-width: 706px) 89vw, (max-width: 767px) 82vw, 740px\" \/><\/figure><div class=\"wp-block-media-text__content\">\n<p><\/p>\n\n\n\n<h2 class=\"wp-block-heading\">VEN. 5 D\u00c9C. 20H30<\/h2>\n\n\n\n<p>Film fran\u00e7ais de 2025, r\u00e9alis\u00e9 par Hafsia Herzi, avec Nadia Melliti et Ji-Min Park, entre autres, d&rsquo;une dur\u00e9e de 1h53.<\/p>\n\n\n\n<details class=\"wp-block-details is-layout-flow wp-block-details-is-layout-flow\"><summary><strong>LA PETITE DERNI\u00c8RE<\/strong><\/summary>\n<p>Fatima, 17 ans, est la petite derni\u00e8re. Elle vit en banlieue avec ses s\u0153urs, dans une famille joyeuse et aimante. Bonne \u00e9l\u00e8ve, elle int\u00e8gre une fac de philosophie \u00e0 Paris et d\u00e9couvre un tout nouveau monde. Alors que d\u00e9bute sa vie de jeune femme, elle s&rsquo;\u00e9mancipe de sa famille et ses traditions. Fatima se met alors \u00e0 questionner son identit\u00e9. Comment concilier sa foi avec ses d\u00e9sirs naissants ?<\/p>\n<\/details>\n<\/div><\/div>\n\n\n\n<div style=\"height:23px\" aria-hidden=\"true\" class=\"wp-block-spacer\"><\/div>\n\n\n\n<hr class=\"wp-block-separator has-alpha-channel-opacity\"\/>\n\n\n\n<div style=\"height:23px\" aria-hidden=\"true\" class=\"wp-block-spacer\"><\/div>\n\n\n\n<div class=\"wp-block-media-text is-stacked-on-mobile\"><figure class=\"wp-block-media-text__media\"><img loading=\"lazy\" decoding=\"async\" width=\"768\" height=\"1024\" src=\"https:\/\/elzede.net\/acl\/wp-content\/uploads\/2025\/12\/arco-768x1024.webp\" alt=\"\" class=\"wp-image-3659 size-full\" srcset=\"https:\/\/elzede.net\/acl\/wp-content\/uploads\/2025\/12\/arco-768x1024.webp 768w, https:\/\/elzede.net\/acl\/wp-content\/uploads\/2025\/12\/arco-225x300.webp 225w, https:\/\/elzede.net\/acl\/wp-content\/uploads\/2025\/12\/arco.webp 810w\" sizes=\"auto, (max-width: 767px) 89vw, (max-width: 1000px) 54vw, (max-width: 1071px) 543px, 580px\" \/><\/figure><div class=\"wp-block-media-text__content\">\n<p><\/p>\n\n\n\n<h2 class=\"wp-block-heading\">DIM. 7 D\u00c9C. 17H00<\/h2>\n\n\n\n<p>Film d&rsquo;animation fran\u00e7ais de 2025, r\u00e9alis\u00e9 par Ugo Bienvenu, d&rsquo;une dur\u00e9e de 1h29 <strong>\u00e0 partir de 8\/9 ans<\/strong>.<\/p>\n\n\n\n<details class=\"wp-block-details is-layout-flow wp-block-details-is-layout-flow\"><summary><strong>ARCO<\/strong><\/summary>\n<p>En 2075, une petite fille de 10 ans, Iris, voit un myst\u00e9rieux gar\u00e7on v\u00eatu d&rsquo;une combinaison arc-en-ciel tomber du ciel. C&rsquo;est Arco. II vient d&rsquo;un futur lointain et idyllique o\u00f9 voyager dans le temps est possible. Iris le recueille et va l&rsquo;aider par tous les moyens \u00e0 rentrer chez lui.<\/p>\n<\/details>\n<\/div><\/div>\n\n\n\n<div style=\"height:23px\" aria-hidden=\"true\" class=\"wp-block-spacer\"><\/div>\n\n\n\n<hr class=\"wp-block-separator has-alpha-channel-opacity\"\/>\n\n\n\n<div style=\"height:23px\" aria-hidden=\"true\" class=\"wp-block-spacer\"><\/div>\n\n\n\n<div class=\"wp-block-media-text is-stacked-on-mobile\"><figure class=\"wp-block-media-text__media\"><img loading=\"lazy\" decoding=\"async\" width=\"755\" height=\"1024\" src=\"https:\/\/elzede.net\/acl\/wp-content\/uploads\/2025\/12\/les-reveurs-755x1024.jpg\" alt=\"\" class=\"wp-image-3660 size-full\" srcset=\"https:\/\/elzede.net\/acl\/wp-content\/uploads\/2025\/12\/les-reveurs-755x1024.jpg 755w, https:\/\/elzede.net\/acl\/wp-content\/uploads\/2025\/12\/les-reveurs-221x300.jpg 221w, https:\/\/elzede.net\/acl\/wp-content\/uploads\/2025\/12\/les-reveurs-768x1042.jpg 768w, https:\/\/elzede.net\/acl\/wp-content\/uploads\/2025\/12\/les-reveurs.jpg 796w\" sizes=\"auto, (max-width: 706px) 89vw, (max-width: 767px) 82vw, 740px\" \/><\/figure><div class=\"wp-block-media-text__content\">\n<p><\/p>\n\n\n\n<h2 class=\"wp-block-heading\">MARDI 9 D\u00c9C. 14H30<\/h2>\n\n\n\n<p>Film fran\u00e7ais de 2025, r\u00e9alis\u00e9 par Isabelle Carr\u00e9, avec Isabelle Carr\u00e9 et Judith Chemla, entre autres, d&rsquo;une dur\u00e9e de 1h58.<\/p>\n\n\n\n<details class=\"wp-block-details is-layout-flow wp-block-details-is-layout-flow\"><summary><strong>LES R\u00caVEURS<\/strong><\/summary>\n<p>\u00c9lisabeth, com\u00e9dienne, anime des ateliers d&rsquo;\u00e9criture \u00e0 l&rsquo;h\u00f4pital Necker avec des adolescents en grande d\u00e9tresse psychologique. \u00c0 leur contact, elle replonge dans sa propre histoire : son internement \u00e0 14 ans. Peu \u00e0 peu, les souvenirs refont surface. Et avec eux, la d\u00e9couverte du th\u00e9\u00e2tre, qui un jour l&rsquo;a sauv\u00e9e.<\/p>\n<\/details>\n<\/div><\/div>\n\n\n\n<div style=\"height:23px\" aria-hidden=\"true\" class=\"wp-block-spacer\"><\/div>\n\n\n\n<hr class=\"wp-block-separator has-alpha-channel-opacity\"\/>\n\n\n\n<div style=\"height:23px\" aria-hidden=\"true\" class=\"wp-block-spacer\"><\/div>\n\n\n\n<div class=\"wp-block-media-text is-stacked-on-mobile\"><figure class=\"wp-block-media-text__media\"><img loading=\"lazy\" decoding=\"async\" width=\"754\" height=\"1024\" src=\"https:\/\/elzede.net\/acl\/wp-content\/uploads\/2025\/12\/t-as-pas-change-754x1024.jpg\" alt=\"\" class=\"wp-image-3661 size-full\" srcset=\"https:\/\/elzede.net\/acl\/wp-content\/uploads\/2025\/12\/t-as-pas-change-754x1024.jpg 754w, https:\/\/elzede.net\/acl\/wp-content\/uploads\/2025\/12\/t-as-pas-change-221x300.jpg 221w, https:\/\/elzede.net\/acl\/wp-content\/uploads\/2025\/12\/t-as-pas-change-768x1043.jpg 768w, https:\/\/elzede.net\/acl\/wp-content\/uploads\/2025\/12\/t-as-pas-change.jpg 795w\" sizes=\"auto, (max-width: 706px) 89vw, (max-width: 767px) 82vw, 740px\" \/><\/figure><div class=\"wp-block-media-text__content\">\n<p><\/p>\n\n\n\n<h2 class=\"wp-block-heading\">MARDI 9 D\u00c9C. 20H30<\/h2>\n\n\n\n<p>Film fran\u00e7ais de 2000, r\u00e9alis\u00e9 par J\u00e9r\u00f4me Commandeur, avec Laurent Lafitte et Vanessa Paradis, entre autres, d&rsquo;une dur\u00e9e de 1h45.<\/p>\n\n\n\n<details class=\"wp-block-details is-layout-flow wp-block-details-is-layout-flow\"><summary><strong>T&rsquo;AS PAS CHANG\u00c9<\/strong><\/summary>\n<p>Suite \u00e0 un \u00e9v\u00e9nement aussi loufoque que tragique, quatre anciens lyc\u00e9ens caboss\u00e9s se t\u00e9lescopent et font face \u00e0 leur pass\u00e9. La force du groupe suffira-t-elle \u00e0 les remettre droits ? V\u00e9ritable d\u00e9claration d&rsquo;amour aux ann\u00e9es 90, T&rsquo;AS PAS CHANG\u00c9 dresse le portrait hilarant et grin\u00e7ant de ces quinquas que des retrouvailles vont bouleverser \u00e0 jamais&#8230;<\/p>\n<\/details>\n<\/div><\/div>\n\n\n\n<div style=\"height:23px\" aria-hidden=\"true\" class=\"wp-block-spacer\"><\/div>\n\n\n\n<hr class=\"wp-block-separator has-alpha-channel-opacity\"\/>\n\n\n\n<div style=\"height:23px\" aria-hidden=\"true\" class=\"wp-block-spacer\"><\/div>\n\n\n\n<p><\/p>\n","protected":false},"excerpt":{"rendered":"","protected":false},"author":1,"featured_media":0,"comment_status":"open","ping_status":"open","sticky":false,"template":"","format":"standard","meta":{"footnotes":""},"categories":[21,7],"tags":[],"class_list":["post-3657","post","type-post","status-publish","format-standard","hentry","category-21","category-archive"],"_links":{"self":[{"href":"https:\/\/elzede.net\/acl\/wp-json\/wp\/v2\/posts\/3657","targetHints":{"allow":["GET"]}}],"collection":[{"href":"https:\/\/elzede.net\/acl\/wp-json\/wp\/v2\/posts"}],"about":[{"href":"https:\/\/elzede.net\/acl\/wp-json\/wp\/v2\/types\/post"}],"author":[{"embeddable":true,"href":"https:\/\/elzede.net\/acl\/wp-json\/wp\/v2\/users\/1"}],"replies":[{"embeddable":true,"href":"https:\/\/elzede.net\/acl\/wp-json\/wp\/v2\/comments?post=3657"}],"version-history":[{"count":1,"href":"https:\/\/elzede.net\/acl\/wp-json\/wp\/v2\/posts\/3657\/revisions"}],"predecessor-version":[{"id":3662,"href":"https:\/\/elzede.net\/acl\/wp-json\/wp\/v2\/posts\/3657\/revisions\/3662"}],"wp:attachment":[{"href":"https:\/\/elzede.net\/acl\/wp-json\/wp\/v2\/media?parent=3657"}],"wp:term":[{"taxonomy":"category","embeddable":true,"href":"https:\/\/elzede.net\/acl\/wp-json\/wp\/v2\/categories?post=3657"},{"taxonomy":"post_tag","embeddable":true,"href":"https:\/\/elzede.net\/acl\/wp-json\/wp\/v2\/tags?post=3657"}],"curies":[{"name":"wp","href":"https:\/\/api.w.org\/{rel}","templated":true}]}}