{"id":3646,"date":"2025-11-27T14:10:36","date_gmt":"2025-11-27T13:10:36","guid":{"rendered":"https:\/\/elzede.net\/acl\/?p=3646"},"modified":"2025-12-09T16:37:34","modified_gmt":"2025-12-09T15:37:34","slug":"etranger-richesse-et-gilets-jaunes-cette-semaine-sannonce-particulierement-politique-alors-allons-danser-mesdemoiselles","status":"publish","type":"post","link":"https:\/\/elzede.net\/acl\/etranger-richesse-et-gilets-jaunes-cette-semaine-sannonce-particulierement-politique-alors-allons-danser-mesdemoiselles\/","title":{"rendered":"\u00c9tranger, richesse et gilets jaunes : cette semaine s&rsquo;annonce particuli\u00e8rement politique. Alors, allons danser, mesdemoiselles !"},"content":{"rendered":"\n<div style=\"height:23px\" aria-hidden=\"true\" class=\"wp-block-spacer\"><\/div>\n\n\n\n<hr class=\"wp-block-separator has-alpha-channel-opacity\"\/>\n\n\n\n<div style=\"height:23px\" aria-hidden=\"true\" class=\"wp-block-spacer\"><\/div>\n\n\n\n<div class=\"wp-block-media-text is-stacked-on-mobile\"><figure class=\"wp-block-media-text__media\"><img loading=\"lazy\" decoding=\"async\" width=\"768\" height=\"1024\" src=\"https:\/\/elzede.net\/acl\/wp-content\/uploads\/2025\/11\/etranger-768x1024.jpg\" alt=\"\" class=\"wp-image-3647 size-full\" srcset=\"https:\/\/elzede.net\/acl\/wp-content\/uploads\/2025\/11\/etranger-768x1024.jpg 768w, https:\/\/elzede.net\/acl\/wp-content\/uploads\/2025\/11\/etranger-225x300.jpg 225w, https:\/\/elzede.net\/acl\/wp-content\/uploads\/2025\/11\/etranger.jpg 810w\" sizes=\"auto, (max-width: 767px) 89vw, (max-width: 1000px) 54vw, (max-width: 1071px) 543px, 580px\" \/><\/figure><div class=\"wp-block-media-text__content\">\n<p><\/p>\n\n\n\n<h2 class=\"wp-block-heading\">VEN. 28 NOV. 20H30<\/h2>\n\n\n\n<p>Film fran\u00e7ais de 2025, r\u00e9alis\u00e9 par Fran\u00e7ois Ozon, avec Benjamin Voisin, R\u00e9becca Marder et Pierre Lottin, entre autres, d&rsquo;une dur\u00e9e de 2h.<\/p>\n\n\n\n<details class=\"wp-block-details is-layout-flow wp-block-details-is-layout-flow\"><summary><strong>L&rsquo;ETRANGER<\/strong><\/summary>\n<p>Alger, 1938. Meursault, un jeune homme d&rsquo;une trentaine d&rsquo;ann\u00e9es, modeste employ\u00e9, enterre sa m\u00e8re sans manifester la moindre \u00e9motion. Le lendemain, il entame une liaison avec Marie, une coll\u00e8gue de bureau. Puis il reprend sa vie de tous les jours. Mais son voisin, Raymond vient perturber son quotidien en l&rsquo;entra\u00eenant dans des histoires louches jusqu&rsquo;\u00e0 un drame sur une plage, sous un soleil de plomb..<\/p>\n<\/details>\n<\/div><\/div>\n\n\n\n<div style=\"height:23px\" aria-hidden=\"true\" class=\"wp-block-spacer\"><\/div>\n\n\n\n<hr class=\"wp-block-separator has-alpha-channel-opacity\"\/>\n\n\n\n<div style=\"height:23px\" aria-hidden=\"true\" class=\"wp-block-spacer\"><\/div>\n\n\n\n<h2 class=\"wp-block-heading\"><strong><mark style=\"background-color:rgba(0, 0, 0, 0)\" class=\"has-inline-color has-pale-pink-color\">Retrouvons nous \u00e0 10h00 au caf\u00e9 associatif Bonne arriv\u00e9e pour partager un petit d\u00e9jeuner \u00e0 1\u20ac avant la s\u00e9ance.<\/mark><\/strong><\/h2>\n\n\n\n<div class=\"wp-block-media-text is-stacked-on-mobile\"><figure class=\"wp-block-media-text__media\"><img loading=\"lazy\" decoding=\"async\" width=\"768\" height=\"1024\" src=\"https:\/\/elzede.net\/acl\/wp-content\/uploads\/2025\/11\/demoiselles.webp\" alt=\"\" class=\"wp-image-3648 size-full\" srcset=\"https:\/\/elzede.net\/acl\/wp-content\/uploads\/2025\/11\/demoiselles.webp 768w, https:\/\/elzede.net\/acl\/wp-content\/uploads\/2025\/11\/demoiselles-225x300.webp 225w\" sizes=\"auto, (max-width: 767px) 89vw, (max-width: 1000px) 54vw, (max-width: 1071px) 543px, 580px\" \/><\/figure><div class=\"wp-block-media-text__content\">\n<p><\/p>\n\n\n\n<h2 class=\"wp-block-heading\">SAM. 29 NOV. 10H<\/h2>\n\n\n\n<p>Film fran\u00e7ais de 1967, r\u00e9alis\u00e9 par Jacques Demy, avec Catherine Deneuve, Fran\u00e7oise dorl\u00e9ac et Jacques P\u00e9rrin, entre autres, d&rsquo;une dur\u00e9e de 2h05<\/p>\n\n\n\n<details class=\"wp-block-details is-layout-flow wp-block-details-is-layout-flow\"><summary><strong>LES DEMOISELLES DE ROCHEFORT<\/strong><\/summary>\n<p>Delphine et Solange sont deux jumelles de 25 ans, ravissantes et spirituelles. Delphine, la blonde, donne des le\u00e7ons de danse et Solange, la rousse, des cours de solf\u00e8ge. Elle vivent dans la musique comme d&rsquo;autres vivent dans la lune et r\u00eavent de rencontrer le grand amour au coin de la rue.<\/p>\n<\/details>\n<\/div><\/div>\n\n\n\n<div style=\"height:23px\" aria-hidden=\"true\" class=\"wp-block-spacer\"><\/div>\n\n\n\n<hr class=\"wp-block-separator has-alpha-channel-opacity\"\/>\n\n\n\n<div style=\"height:23px\" aria-hidden=\"true\" class=\"wp-block-spacer\"><\/div>\n\n\n\n<div class=\"wp-block-media-text is-stacked-on-mobile\"><figure class=\"wp-block-media-text__media\"><img loading=\"lazy\" decoding=\"async\" width=\"752\" height=\"1024\" src=\"https:\/\/elzede.net\/acl\/wp-content\/uploads\/2025\/11\/riche-752x1024.webp\" alt=\"\" class=\"wp-image-3649 size-full\" srcset=\"https:\/\/elzede.net\/acl\/wp-content\/uploads\/2025\/11\/riche-752x1024.webp 752w, https:\/\/elzede.net\/acl\/wp-content\/uploads\/2025\/11\/riche-220x300.webp 220w, https:\/\/elzede.net\/acl\/wp-content\/uploads\/2025\/11\/riche-768x1046.webp 768w, https:\/\/elzede.net\/acl\/wp-content\/uploads\/2025\/11\/riche.webp 793w\" sizes=\"auto, (max-width: 706px) 89vw, (max-width: 767px) 82vw, 740px\" \/><\/figure><div class=\"wp-block-media-text__content\">\n<p><\/p>\n\n\n\n<h2 class=\"wp-block-heading\">DIM. 30 NOV. 17H<\/h2>\n\n\n\n<p>Film fran\u00e7ais de 2025, r\u00e9alis\u00e9 par Thierry Klifa, avec Isabelle Huppert, Marina Fo\u00efs et Laurent Lafitte, entre autres, d&rsquo;une dur\u00e9e de 2h03.<\/p>\n\n\n\n<details class=\"wp-block-details is-layout-flow wp-block-details-is-layout-flow\"><summary><strong>LA FEMME LA PLUS RICHE DU MONDE<\/strong><\/summary>\n<p>La femme la plus riche du monde : sa beaut\u00e9, son intelligence, son pouvoir. Un \u00e9crivain photographe son ambition, son insolence. Le coup de foudre qui les emporte. Une h\u00e9riti\u00e8re m\u00e9fiante qui se bat pour \u00eatre aim\u00e9e. Un majordome aux aguets qui en sait plus qu&rsquo;il ne dit. Des secrets de famille. Des donations astronomiques. Une guerre o\u00f9 tous les coups sont permis.<\/p>\n<\/details>\n<\/div><\/div>\n\n\n\n<div style=\"height:23px\" aria-hidden=\"true\" class=\"wp-block-spacer\"><\/div>\n\n\n\n<hr class=\"wp-block-separator has-alpha-channel-opacity\"\/>\n\n\n\n<div style=\"height:23px\" aria-hidden=\"true\" class=\"wp-block-spacer\"><\/div>\n\n\n\n<div class=\"wp-block-media-text is-stacked-on-mobile\"><figure class=\"wp-block-media-text__media\"><img loading=\"lazy\" decoding=\"async\" width=\"768\" height=\"1024\" src=\"https:\/\/elzede.net\/acl\/wp-content\/uploads\/2025\/11\/les-braises-768x1024.jpg\" alt=\"\" class=\"wp-image-3650 size-full\" srcset=\"https:\/\/elzede.net\/acl\/wp-content\/uploads\/2025\/11\/les-braises-768x1024.jpg 768w, https:\/\/elzede.net\/acl\/wp-content\/uploads\/2025\/11\/les-braises-225x300.jpg 225w, https:\/\/elzede.net\/acl\/wp-content\/uploads\/2025\/11\/les-braises.jpg 810w\" sizes=\"auto, (max-width: 767px) 89vw, (max-width: 1000px) 54vw, (max-width: 1071px) 543px, 580px\" \/><\/figure><div class=\"wp-block-media-text__content\">\n<p><\/p>\n\n\n\n<h2 class=\"wp-block-heading\">MARDI 02 DEC. 20H30<\/h2>\n\n\n\n<p>Film fran\u00e7ais de 2025, r\u00e9alis\u00e9 par Thomas Kruithof, avec Virginie Efira et Arieh Worthalter, entre autres, d&rsquo;une dur\u00e9e de 1h42.<\/p>\n\n\n\n<details class=\"wp-block-details is-layout-flow wp-block-details-is-layout-flow\"><summary><strong>LES BRAISES<\/strong><\/summary>\n<p>Karine et Jimmy forment un couple uni, toujours tr\u00e8s amoureux apr\u00e8s vingt ans de vie commune et deux enfants. Elle travaille dans une usine lui, chauffeur routier, s&rsquo;acharne \u00e0 faire grandir sa petite entreprise. Quand surgit le mouvement des Gilets Jaunes, Karine est emport\u00e9e par la force du collectif, la col\u00e8re, l&rsquo;espoir d&rsquo;un changement.<\/p>\n<\/details>\n<\/div><\/div>\n\n\n\n<div style=\"height:23px\" aria-hidden=\"true\" class=\"wp-block-spacer\"><\/div>\n\n\n\n<hr class=\"wp-block-separator has-alpha-channel-opacity\"\/>\n\n\n\n<div style=\"height:50px\" aria-hidden=\"true\" class=\"wp-block-spacer\"><\/div>\n","protected":false},"excerpt":{"rendered":"<p>Retrouvons nous \u00e0 10h00 au caf\u00e9 associatif Bonne arriv\u00e9e pour partager un petit d\u00e9jeuner \u00e0 1\u20ac avant la s\u00e9ance.<\/p>\n","protected":false},"author":1,"featured_media":0,"comment_status":"open","ping_status":"open","sticky":false,"template":"","format":"standard","meta":{"footnotes":""},"categories":[21,7],"tags":[],"class_list":["post-3646","post","type-post","status-publish","format-standard","hentry","category-21","category-archive"],"_links":{"self":[{"href":"https:\/\/elzede.net\/acl\/wp-json\/wp\/v2\/posts\/3646","targetHints":{"allow":["GET"]}}],"collection":[{"href":"https:\/\/elzede.net\/acl\/wp-json\/wp\/v2\/posts"}],"about":[{"href":"https:\/\/elzede.net\/acl\/wp-json\/wp\/v2\/types\/post"}],"author":[{"embeddable":true,"href":"https:\/\/elzede.net\/acl\/wp-json\/wp\/v2\/users\/1"}],"replies":[{"embeddable":true,"href":"https:\/\/elzede.net\/acl\/wp-json\/wp\/v2\/comments?post=3646"}],"version-history":[{"count":5,"href":"https:\/\/elzede.net\/acl\/wp-json\/wp\/v2\/posts\/3646\/revisions"}],"predecessor-version":[{"id":3655,"href":"https:\/\/elzede.net\/acl\/wp-json\/wp\/v2\/posts\/3646\/revisions\/3655"}],"wp:attachment":[{"href":"https:\/\/elzede.net\/acl\/wp-json\/wp\/v2\/media?parent=3646"}],"wp:term":[{"taxonomy":"category","embeddable":true,"href":"https:\/\/elzede.net\/acl\/wp-json\/wp\/v2\/categories?post=3646"},{"taxonomy":"post_tag","embeddable":true,"href":"https:\/\/elzede.net\/acl\/wp-json\/wp\/v2\/tags?post=3646"}],"curies":[{"name":"wp","href":"https:\/\/api.w.org\/{rel}","templated":true}]}}