{"id":3622,"date":"2025-11-19T16:10:29","date_gmt":"2025-11-19T15:10:29","guid":{"rendered":"https:\/\/elzede.net\/acl\/?p=3622"},"modified":"2025-12-05T09:44:00","modified_gmt":"2025-12-05T08:44:00","slug":"bonne-humeur-et-repas-bio-quoi-de-plus-agreable-a-partager-entre-amis","status":"publish","type":"post","link":"https:\/\/elzede.net\/acl\/bonne-humeur-et-repas-bio-quoi-de-plus-agreable-a-partager-entre-amis\/","title":{"rendered":"Bonne humeur et repas bio\u202f: quoi de plus agr\u00e9able \u00e0 partager entre amis\u202f!"},"content":{"rendered":"\n<h2 class=\"wp-block-heading\"><strong>On commence la semaine par le vendredi\u202f! Rendez-vous le 21 novembre \u00e0 20h30 pour le Festival alimentaire\u202f!\u202f<\/strong><\/h2>\n\n\n\n<p>A l&rsquo;occasion de son \u00e9dition 2025 le Festival, soutenu par des centaines d&rsquo;acteurs <strong>engag\u00e9s <\/strong>\u00e0 travers la France et dans plus d&rsquo;une quinzaine de pays, proposera neuf films <strong>percutants <\/strong>qui font na\u00eetre les <strong>d\u00e9bats <\/strong>et les <strong>r\u00e9flexions <\/strong>sur nos syst\u00e8mes alimentaires et leurs interd\u00e9pendances \u00e0 l&rsquo;\u00e9chelle mondiale.<\/p>\n\n\n\n<figure class=\"wp-block-image size-large\"><img loading=\"lazy\" decoding=\"async\" width=\"769\" height=\"1024\" src=\"https:\/\/elzede.net\/acl\/wp-content\/uploads\/2025\/11\/f0893468189b6e488fbb4f688f0d94b3-769x1024.jpg\" alt=\"\" class=\"wp-image-3623\" srcset=\"https:\/\/elzede.net\/acl\/wp-content\/uploads\/2025\/11\/f0893468189b6e488fbb4f688f0d94b3-769x1024.jpg 769w, https:\/\/elzede.net\/acl\/wp-content\/uploads\/2025\/11\/f0893468189b6e488fbb4f688f0d94b3-225x300.jpg 225w, https:\/\/elzede.net\/acl\/wp-content\/uploads\/2025\/11\/f0893468189b6e488fbb4f688f0d94b3-768x1023.jpg 768w, https:\/\/elzede.net\/acl\/wp-content\/uploads\/2025\/11\/f0893468189b6e488fbb4f688f0d94b3.jpg 811w\" sizes=\"auto, (max-width: 767px) 89vw, (max-width: 1000px) 54vw, (max-width: 1071px) 543px, 580px\" \/><\/figure>\n\n\n\n<p><strong>Documentaire fran\u00e7ais r\u00e9alis\u00e9 en 2024 par J\u00e9r\u00f4me Zindy, 52 minutes, avec Katherine Hepburn et Anthony Hopkins.\u202f<\/strong><\/p>\n\n\n\n<p><strong><mark style=\"background-color:rgba(0, 0, 0, 0)\" class=\"has-inline-color has-luminous-vivid-amber-color\">Au c\u0153ur d&rsquo;une vall\u00e9e vosgienne d&rsquo;Alsace,<\/mark><\/strong> la ferme du Rutzenbach incarne un mod\u00e8le d&rsquo;agriculture paysanne, biologique et citoyenne. Ce refuge face au monde consum\u00e9riste est l&rsquo;\u0153uvre de Monique et Francis Schirck. Mais Francis a 67 ans : l&rsquo;heure de la retraite a sonn\u00e9 . Il faut donc \u00ab\u00a0transmettre\u00a0\u00bb pour \u00e9viter que la ferme et ses valeurs ne disparaissent. Leur fille unique ne sera pas agricultrice. Alors, \u00e0 qui \u00ab\u00a0transmettre\u00a0\u00bb ? Comment s&rsquo;assurer que le combat d&rsquo;une vie perdure ? Une histoire singuli\u00e8re et universelle \u00e0 la fois. Un moment crucial o\u00f9 se construisent les syst\u00e8mes agricoles de demain, et avec eux, notre vision du monde.<\/p>\n\n\n\n<p><strong><mark style=\"background-color:rgba(0, 0, 0, 0)\" class=\"has-inline-color has-luminous-vivid-amber-color\">Projection suivie d&rsquo;un \u00e9change avec Anne-Marie Piolet de Terre de Liens, Aurore Jeanson de la ferme cidricole du lavoir et Franck Leboulanger, maraicher et \u00e9leveur anim\u00e9 par Lion Environnement.<\/mark><\/strong><\/p>\n\n\n\n<div style=\"height:23px\" aria-hidden=\"true\" class=\"wp-block-spacer\"><\/div>\n\n\n\n<hr class=\"wp-block-separator has-alpha-channel-opacity\"\/>\n\n\n\n<div style=\"height:23px\" aria-hidden=\"true\" class=\"wp-block-spacer\"><\/div>\n\n\n\n<div class=\"wp-block-media-text is-stacked-on-mobile\"><figure class=\"wp-block-media-text__media\"><img loading=\"lazy\" decoding=\"async\" width=\"768\" height=\"1024\" src=\"https:\/\/elzede.net\/acl\/wp-content\/uploads\/2025\/11\/BAD-GUYS-768x1024.webp\" alt=\"\" class=\"wp-image-3630 size-full\" srcset=\"https:\/\/elzede.net\/acl\/wp-content\/uploads\/2025\/11\/BAD-GUYS-768x1024.webp 768w, https:\/\/elzede.net\/acl\/wp-content\/uploads\/2025\/11\/BAD-GUYS-225x300.webp 225w, https:\/\/elzede.net\/acl\/wp-content\/uploads\/2025\/11\/BAD-GUYS.webp 810w\" sizes=\"auto, (max-width: 767px) 89vw, (max-width: 1000px) 54vw, (max-width: 1071px) 543px, 580px\" \/><\/figure><div class=\"wp-block-media-text__content\">\n<p><\/p>\n\n\n\n<h2 class=\"wp-block-heading\">DIM. 23 NOV. 17H<\/h2>\n\n\n\n<p>Film d\u2019animation am\u00e9ricain de 2017, r\u00e9alis\u00e9 par Pierre Perifel et Juan Pablo Sans, en <strong>V<\/strong>ersion <strong>F<\/strong>ran\u00e7aise, de 1h44<\/p>\n\n\n\n<details class=\"wp-block-details is-layout-flow wp-block-details-is-layout-flow\"><summary><strong>LES BAD GUYS 2<\/strong><\/summary>\n<p>Les criminels animaliers s&rsquo;efforcent de se faire \u00e0 leur nouvelle vie de gentils. Bient\u00f4t, ils sont tir\u00e9s de leur retraite et forc\u00e9s de faire \u00abun dernier travail\u00bb par une \u00e9quipe enti\u00e8rement f\u00e9minine. <\/p>\n<\/details>\n<\/div><\/div>\n\n\n\n<div style=\"height:23px\" aria-hidden=\"true\" class=\"wp-block-spacer\"><\/div>\n\n\n\n<hr class=\"wp-block-separator has-alpha-channel-opacity\"\/>\n\n\n\n<div style=\"height:23px\" aria-hidden=\"true\" class=\"wp-block-spacer\"><\/div>\n\n\n\n<div class=\"wp-block-media-text is-stacked-on-mobile\"><figure class=\"wp-block-media-text__media\"><img loading=\"lazy\" decoding=\"async\" width=\"310\" height=\"420\" src=\"https:\/\/elzede.net\/acl\/wp-content\/uploads\/2025\/11\/kaamelott.jpg\" alt=\"\" class=\"wp-image-3636 size-full\" srcset=\"https:\/\/elzede.net\/acl\/wp-content\/uploads\/2025\/11\/kaamelott.jpg 310w, https:\/\/elzede.net\/acl\/wp-content\/uploads\/2025\/11\/kaamelott-221x300.jpg 221w\" sizes=\"auto, (max-width: 310px) 100vw, 310px\" \/><\/figure><div class=\"wp-block-media-text__content\">\n<p><\/p>\n\n\n\n<h2 class=\"wp-block-heading\">MARDI 25 NOV. 20H30<\/h2>\n\n\n\n<p>Film fran\u00e7ais de 2025, r\u00e9alis\u00e9 par Alexandre Astier, 2h19 avec Alexandre Astier et Anne Girouard.\u202f<\/p>\n\n\n\n<details class=\"wp-block-details is-layout-flow wp-block-details-is-layout-flow\"><summary><strong>KAAMELOTT &#8211; DEUXI\u00c8ME VOLET<\/strong><\/summary>\n<p>Les Dieux sont en col\u00e8re contre Arthur ! Apr\u00e8s la destruction de Kaamelott, son refus obstin\u00e9 de tuer Lancelot pr\u00e9cipite le Royaume de Logres \u00e0 sa perte. Il r\u00e9unit ses Chevaliers, novices t\u00e9m\u00e9raires et v\u00e9t\u00e9rans d\u00e9sabus\u00e9s, autour de la Nouvelle Table Ronde et les envoie prouver leur valeur aux quatre coins du Monde, des Marais Orcaniens aux terres glac\u00e9es du Dragon Opalescent.<\/p>\n<\/details>\n<\/div><\/div>\n\n\n\n<div style=\"height:23px\" aria-hidden=\"true\" class=\"wp-block-spacer\"><\/div>\n\n\n\n<hr class=\"wp-block-separator has-alpha-channel-opacity\"\/>\n\n\n\n<div style=\"height:23px\" aria-hidden=\"true\" class=\"wp-block-spacer\"><\/div>\n","protected":false},"excerpt":{"rendered":"<p>On commence la semaine par le vendredi\u202f! Rendez-vous le 21 novembre \u00e0 20h30 pour le Festival alimentaire\u202f!\u202f A l&rsquo;occasion de son \u00e9dition 2025 le Festival, soutenu par des centaines d&rsquo;acteurs engag\u00e9s \u00e0 travers la France et dans plus d&rsquo;une quinzaine de pays, proposera neuf films percutants qui font na\u00eetre les d\u00e9bats et les r\u00e9flexions sur &hellip; <\/p>\n<p class=\"link-more\"><a href=\"https:\/\/elzede.net\/acl\/bonne-humeur-et-repas-bio-quoi-de-plus-agreable-a-partager-entre-amis\/\" class=\"more-link\">Continuer la lecture<span class=\"screen-reader-text\"> de &laquo;&nbsp;Bonne humeur et repas bio\u202f: quoi de plus agr\u00e9able \u00e0 partager entre amis\u202f!&nbsp;&raquo;<\/span><\/a><\/p>\n","protected":false},"author":1,"featured_media":0,"comment_status":"open","ping_status":"open","sticky":false,"template":"","format":"standard","meta":{"footnotes":""},"categories":[21,7],"tags":[],"class_list":["post-3622","post","type-post","status-publish","format-standard","hentry","category-21","category-archive"],"_links":{"self":[{"href":"https:\/\/elzede.net\/acl\/wp-json\/wp\/v2\/posts\/3622","targetHints":{"allow":["GET"]}}],"collection":[{"href":"https:\/\/elzede.net\/acl\/wp-json\/wp\/v2\/posts"}],"about":[{"href":"https:\/\/elzede.net\/acl\/wp-json\/wp\/v2\/types\/post"}],"author":[{"embeddable":true,"href":"https:\/\/elzede.net\/acl\/wp-json\/wp\/v2\/users\/1"}],"replies":[{"embeddable":true,"href":"https:\/\/elzede.net\/acl\/wp-json\/wp\/v2\/comments?post=3622"}],"version-history":[{"count":16,"href":"https:\/\/elzede.net\/acl\/wp-json\/wp\/v2\/posts\/3622\/revisions"}],"predecessor-version":[{"id":3645,"href":"https:\/\/elzede.net\/acl\/wp-json\/wp\/v2\/posts\/3622\/revisions\/3645"}],"wp:attachment":[{"href":"https:\/\/elzede.net\/acl\/wp-json\/wp\/v2\/media?parent=3622"}],"wp:term":[{"taxonomy":"category","embeddable":true,"href":"https:\/\/elzede.net\/acl\/wp-json\/wp\/v2\/categories?post=3622"},{"taxonomy":"post_tag","embeddable":true,"href":"https:\/\/elzede.net\/acl\/wp-json\/wp\/v2\/tags?post=3622"}],"curies":[{"name":"wp","href":"https:\/\/api.w.org\/{rel}","templated":true}]}}