{"id":3599,"date":"2025-11-14T16:36:13","date_gmt":"2025-11-14T15:36:13","guid":{"rendered":"https:\/\/elzede.net\/acl\/?p=3599"},"modified":"2025-11-27T14:12:07","modified_gmt":"2025-11-27T13:12:07","slug":"dimanche-vous-ne-savez-pas-trop-quoi-faire","status":"publish","type":"post","link":"https:\/\/elzede.net\/acl\/dimanche-vous-ne-savez-pas-trop-quoi-faire\/","title":{"rendered":"Dimanche, vous ne savez pas trop quoi faire ?"},"content":{"rendered":"\n<h1 class=\"wp-block-heading\">Apr\u00e8s le repas de famille, emmenez donc toute la famille voir l\u2019histoire\u2026 d\u2019une famille qui tente de rester debout. C\u2019est une r\u00e9alisation caennaise : autant dire que c\u2019est presque la famille !<\/h1>\n\n\n\n<p class=\"has-text-align-left\"><strong><mark style=\"background-color:#f78da7\" class=\"has-inline-color has-black-color\">DANS LE CADRE DU FESTIVAL DROITS DE L&rsquo;ENFANT<\/mark><\/strong><\/p>\n\n\n\n<hr class=\"wp-block-separator has-alpha-channel-opacity\"\/>\n\n\n\n<div class=\"wp-block-columns is-layout-flex wp-container-core-columns-is-layout-9d6595d7 wp-block-columns-is-layout-flex\">\n<div class=\"wp-block-column is-layout-flow wp-block-column-is-layout-flow\">\n<figure class=\"wp-block-image size-full\"><img loading=\"lazy\" decoding=\"async\" width=\"648\" height=\"913\" src=\"https:\/\/elzede.net\/acl\/wp-content\/uploads\/2025\/11\/jai-tue-un-dragon-1.jpg\" alt=\"\" class=\"wp-image-3607\" srcset=\"https:\/\/elzede.net\/acl\/wp-content\/uploads\/2025\/11\/jai-tue-un-dragon-1.jpg 648w, https:\/\/elzede.net\/acl\/wp-content\/uploads\/2025\/11\/jai-tue-un-dragon-1-213x300.jpg 213w\" sizes=\"auto, (max-width: 648px) 100vw, 648px\" \/><\/figure>\n\n\n\n<p style=\"font-size:14px\"><strong>Dimanche 16 nov. \u00e0 17h<\/strong><br><strong><mark style=\"background-color:#f78da7\" class=\"has-inline-color has-black-color\">QUAND J&rsquo;AVAIS 6 ANS, J&rsquo;AI TUE UN DRAGON<\/mark><\/strong><br>Un documentaire de Bruno Romy<br>Caennais sorti en 2016 &#8211; 1h10<\/p>\n\n\n\n<p style=\"font-size:14px\"><strong><mark style=\"background-color:rgba(0, 0, 0, 0)\" class=\"has-inline-color has-pale-pink-color\">Mika apprend le 5 avril 2012 qu&rsquo;elle est atteinte d&rsquo;une leuc\u00e9mie. <\/mark><\/strong>Elle a 6 ans, L&rsquo;enfant, la maman, le papa et le m\u00e9decin, nous content le long parcours vers la gu\u00e9rison. Un carnet de bord color\u00e9, singulier, plein d&rsquo;humour et de po\u00e9sie. Un film intime \u00e9t universel, Bouleversant et efficace. Grave et l\u00e9ger. Dr\u00f4le et pas dr\u00f4le.<br><\/p>\n<\/div>\n\n\n\n<div class=\"wp-block-column is-layout-flow wp-block-column-is-layout-flow\">\n<h1 class=\"wp-block-heading has-text-align-right\" style=\"font-size:14px\"><strong><mark style=\"background-color:rgba(0, 0, 0, 0)\" class=\"has-inline-color has-pale-pink-color\">Projections suivies d&rsquo;une rencontre<\/mark><\/strong><br><strong><mark style=\"background-color:rgba(0, 0, 0, 0)\" class=\"has-inline-color has-pale-pink-color\">avec Mika et Bruno Romy<\/mark><\/strong><br><\/h1>\n<\/div>\n<\/div>\n\n\n\n<div class=\"wp-block-columns is-layout-flex wp-container-core-columns-is-layout-9d6595d7 wp-block-columns-is-layout-flex\">\n<div class=\"wp-block-column is-layout-flow wp-block-column-is-layout-flow\">\n<figure class=\"wp-block-image size-full\"><img loading=\"lazy\" decoding=\"async\" width=\"215\" height=\"289\" src=\"https:\/\/elzede.net\/acl\/wp-content\/uploads\/2025\/11\/affiche-chimere-1.jpg\" alt=\"\" class=\"wp-image-3608\"\/><\/figure>\n\n\n\n<p style=\"font-size:14px\"><strong>Le petit PLUS<\/strong><br><strong><mark style=\"background-color:#f78da7\" class=\"has-inline-color has-black-color\">CHIMERE CHIMIO CHICHA <\/mark><\/strong><br>Un documentaire de Mika Romy <br>Caennais &#8211; 15 min.<\/p>\n\n\n\n<p style=\"font-size:14px\"><mark style=\"background-color:rgba(0, 0, 0, 0)\" class=\"has-inline-color has-pale-pink-color\"><strong>\u00c9lisa a 18 ans et a eu une leuc\u00e9mie \u00e0 4 ans.<\/strong><\/mark> Jeanne en a 23 et a souffert de cette m\u00eame maladie \u00e0 18 ans. S&rsquo;occuper, s&rsquo;entourer, r\u00eavasser, voil\u00e0 comment elles ont tenu au milieu des traitements et loin de l&rsquo;\u00e9cole, Parall\u00e8lement au r\u00e9cit de leur parcours, des enfants s&rsquo;\u00e9vadent de leur chambre d&rsquo;h\u00f4pital le temps d&rsquo;un atelier cuisine ou d&rsquo;un weekend en plein air.<br><br><\/p>\n<\/div>\n\n\n\n<div class=\"wp-block-column is-layout-flow wp-block-column-is-layout-flow\">\n<div style=\"height:100px\" aria-hidden=\"true\" class=\"wp-block-spacer\"><\/div>\n\n\n\n<p style=\"font-size:14px\"><br><\/p>\n<\/div>\n<\/div>\n\n\n\n<hr class=\"wp-block-separator has-alpha-channel-opacity\"\/>\n\n\n\n<div class=\"wp-block-columns is-layout-flex wp-container-core-columns-is-layout-9d6595d7 wp-block-columns-is-layout-flex\">\n<div class=\"wp-block-column is-layout-flow wp-block-column-is-layout-flow\">\n<figure class=\"wp-block-image size-large\"><img loading=\"lazy\" decoding=\"async\" width=\"768\" height=\"1024\" src=\"https:\/\/elzede.net\/acl\/wp-content\/uploads\/2025\/11\/Chien-51-768x1024.jpg\" alt=\"\" class=\"wp-image-3606\" srcset=\"https:\/\/elzede.net\/acl\/wp-content\/uploads\/2025\/11\/Chien-51-768x1024.jpg 768w, https:\/\/elzede.net\/acl\/wp-content\/uploads\/2025\/11\/Chien-51-225x300.jpg 225w, https:\/\/elzede.net\/acl\/wp-content\/uploads\/2025\/11\/Chien-51.jpg 810w\" sizes=\"auto, (max-width: 767px) 89vw, (max-width: 1000px) 54vw, (max-width: 1071px) 543px, 580px\" \/><\/figure>\n\n\n\n<p style=\"font-size:14px\"><strong>Mardi 18 nov. \u00e0 20h30<\/strong><br><strong><mark style=\"background-color:#cf2e2e\" class=\"has-inline-color has-black-color\">CHIEN 51<\/mark><\/strong><br>Un film de C\u00e9dric Jimenez<br>Fran\u00e7ais sorti en 2025 &#8211; 1h46<\/p>\n\n\n\n<p style=\"font-size:14px\"><strong><mark style=\"background-color:rgba(0, 0, 0, 0)\" class=\"has-inline-color has-vivid-red-color\">Dans un futur proche, Paris a \u00e9t\u00e9 divis\u00e9 en 3 zones<\/mark><\/strong> qui s\u00e9parent les classes sociales et o\u00f9 l&rsquo;intelligence artificielle ALMA a r\u00e9volutionn\u00e9 le travail de la police, Jusqu&rsquo;\u00e0 ce que son inventeur soit assassin\u00e9 et que Salia et Zem, deux policiers que tout oppose, soient forc\u00e9s \u00e0 collaborer pour mener l&rsquo;enqu\u00eate.<br><\/p>\n<\/div>\n\n\n\n<div class=\"wp-block-column is-layout-flow wp-block-column-is-layout-flow\">\n<div style=\"height:100px\" aria-hidden=\"true\" class=\"wp-block-spacer\"><\/div>\n\n\n\n<p style=\"font-size:14px\"><br><\/p>\n<\/div>\n<\/div>\n\n\n\n<p><\/p>\n","protected":false},"excerpt":{"rendered":"<p>Apr\u00e8s le repas de famille, emmenez donc toute la famille voir l\u2019histoire\u2026 d\u2019une famille qui tente de rester debout. C\u2019est une r\u00e9alisation caennaise : autant dire que c\u2019est presque la famille ! DANS LE CADRE DU FESTIVAL DROITS DE L&rsquo;ENFANT Dimanche 16 nov. \u00e0 17hQUAND J&rsquo;AVAIS 6 ANS, J&rsquo;AI TUE UN DRAGONUn documentaire de Bruno &hellip; <\/p>\n<p class=\"link-more\"><a href=\"https:\/\/elzede.net\/acl\/dimanche-vous-ne-savez-pas-trop-quoi-faire\/\" class=\"more-link\">Continuer la lecture<span class=\"screen-reader-text\"> de &laquo;&nbsp;Dimanche, vous ne savez pas trop quoi faire ?&nbsp;&raquo;<\/span><\/a><\/p>\n","protected":false},"author":1,"featured_media":0,"comment_status":"open","ping_status":"open","sticky":false,"template":"","format":"standard","meta":{"footnotes":""},"categories":[21,7],"tags":[],"class_list":["post-3599","post","type-post","status-publish","format-standard","hentry","category-21","category-archive"],"_links":{"self":[{"href":"https:\/\/elzede.net\/acl\/wp-json\/wp\/v2\/posts\/3599","targetHints":{"allow":["GET"]}}],"collection":[{"href":"https:\/\/elzede.net\/acl\/wp-json\/wp\/v2\/posts"}],"about":[{"href":"https:\/\/elzede.net\/acl\/wp-json\/wp\/v2\/types\/post"}],"author":[{"embeddable":true,"href":"https:\/\/elzede.net\/acl\/wp-json\/wp\/v2\/users\/1"}],"replies":[{"embeddable":true,"href":"https:\/\/elzede.net\/acl\/wp-json\/wp\/v2\/comments?post=3599"}],"version-history":[{"count":14,"href":"https:\/\/elzede.net\/acl\/wp-json\/wp\/v2\/posts\/3599\/revisions"}],"predecessor-version":[{"id":3618,"href":"https:\/\/elzede.net\/acl\/wp-json\/wp\/v2\/posts\/3599\/revisions\/3618"}],"wp:attachment":[{"href":"https:\/\/elzede.net\/acl\/wp-json\/wp\/v2\/media?parent=3599"}],"wp:term":[{"taxonomy":"category","embeddable":true,"href":"https:\/\/elzede.net\/acl\/wp-json\/wp\/v2\/categories?post=3599"},{"taxonomy":"post_tag","embeddable":true,"href":"https:\/\/elzede.net\/acl\/wp-json\/wp\/v2\/tags?post=3599"}],"curies":[{"name":"wp","href":"https:\/\/api.w.org\/{rel}","templated":true}]}}