{"id":3585,"date":"2025-11-07T10:10:43","date_gmt":"2025-11-07T09:10:43","guid":{"rendered":"https:\/\/elzede.net\/acl\/?p=3585"},"modified":"2025-11-20T08:41:44","modified_gmt":"2025-11-20T07:41:44","slug":"dimanche-on-fait-la-marmotte-mardi-cest-la-remise-en-question-et-vendredi-on-est-a-bout-de-souffle","status":"publish","type":"post","link":"https:\/\/elzede.net\/acl\/dimanche-on-fait-la-marmotte-mardi-cest-la-remise-en-question-et-vendredi-on-est-a-bout-de-souffle\/","title":{"rendered":"Dimanche, on fait la marmotte ; mardi, c\u2019est la remise en question ; et vendredi, on est \u00e0 bout de souffle."},"content":{"rendered":"\n<hr class=\"wp-block-separator has-alpha-channel-opacity\"\/>\n\n\n\n<div class=\"wp-block-columns is-layout-flex wp-container-core-columns-is-layout-9d6595d7 wp-block-columns-is-layout-flex\">\n<div class=\"wp-block-column is-layout-flow wp-block-column-is-layout-flow\">\n<figure class=\"wp-block-image size-large\"><img loading=\"lazy\" decoding=\"async\" width=\"768\" height=\"1024\" src=\"https:\/\/elzede.net\/acl\/wp-content\/uploads\/2025\/11\/14-NOV-768x1024.jpg\" alt=\"\" class=\"wp-image-3588\" srcset=\"https:\/\/elzede.net\/acl\/wp-content\/uploads\/2025\/11\/14-NOV-768x1024.jpg 768w, https:\/\/elzede.net\/acl\/wp-content\/uploads\/2025\/11\/14-NOV-225x300.jpg 225w, https:\/\/elzede.net\/acl\/wp-content\/uploads\/2025\/11\/14-NOV.jpg 810w\" sizes=\"auto, (max-width: 767px) 89vw, (max-width: 1000px) 54vw, (max-width: 1071px) 543px, 580px\" \/><\/figure>\n\n\n\n<p style=\"font-size:14px\"><strong>Vend. 14 nov. \u00e0 20h30<\/strong><br><strong><mark style=\"background-color:#f78da7\" class=\"has-inline-color has-black-color\">NOUVELLE VAGUE<\/mark><\/strong><br>Un film de RICHARD LINKLATER<br>Fran\u00e7ais sorti en 2025 &#8211; 1h46<\/p>\n\n\n\n<p style=\"font-size:14px\"><strong><mark style=\"background-color:rgba(0, 0, 0, 0)\" class=\"has-inline-color has-pale-pink-color\">Ceci est l&rsquo;histoire de Godard<\/mark><\/strong> tournant \u00ab \u00c0 bout de souffle \u00bb, racont\u00e9e dans le style et l&rsquo;esprit de Godard tournant \u00ab \u00c0 bout de souffle \u00bb.<br><\/p>\n<\/div>\n\n\n\n<div class=\"wp-block-column is-layout-flow wp-block-column-is-layout-flow\">\n<div style=\"height:100px\" aria-hidden=\"true\" class=\"wp-block-spacer\"><\/div>\n\n\n\n<p style=\"font-size:14px\"><br><\/p>\n<\/div>\n<\/div>\n\n\n\n<div class=\"wp-block-columns is-layout-flex wp-container-core-columns-is-layout-9d6595d7 wp-block-columns-is-layout-flex\">\n<div class=\"wp-block-column is-layout-flow wp-block-column-is-layout-flow\">\n<div class=\"wp-block-columns is-layout-flex wp-container-core-columns-is-layout-9d6595d7 wp-block-columns-is-layout-flex\">\n<div class=\"wp-block-column is-layout-flow wp-block-column-is-layout-flow\">\n<figure class=\"wp-block-image size-large\"><img loading=\"lazy\" decoding=\"async\" width=\"683\" height=\"1024\" src=\"https:\/\/elzede.net\/acl\/wp-content\/uploads\/2025\/11\/11-NOVJPG-683x1024.webp\" alt=\"\" class=\"wp-image-3589\" srcset=\"https:\/\/elzede.net\/acl\/wp-content\/uploads\/2025\/11\/11-NOVJPG-683x1024.webp 683w, https:\/\/elzede.net\/acl\/wp-content\/uploads\/2025\/11\/11-NOVJPG-200x300.webp 200w, https:\/\/elzede.net\/acl\/wp-content\/uploads\/2025\/11\/11-NOVJPG.webp 720w\" sizes=\"auto, (max-width: 683px) 100vw, 683px\" \/><\/figure>\n\n\n\n<p style=\"font-size:14px\"><strong>Mardi 11 Nov. \u00e0 20h30<\/strong><br><strong><mark style=\"background-color:#cf2e2e\" class=\"has-inline-color has-black-color\">KONTINENTAL 25<\/mark><\/strong><br>Un film de Radu Jude<br>Roumain sorti en 2025 &#8211; 1h49 &#8211;<em><strong> VOSTF<\/strong><\/em><\/p>\n\n\n\n<p style=\"font-size:14px\"><strong><mark style=\"background-color:rgba(0, 0, 0, 0)\" class=\"has-inline-color has-vivid-red-color\">Orsolya est huissi\u00e8re de justice \u00e0 Cluj,<\/mark><\/strong> en Transylvanie. Elle doit un jour expulser un sans-abri qui vit dans le sous-sol d&rsquo;un immeuble du centreville transform\u00e9 en h\u00f4tel de luxe. Un \u00e9v\u00e9nement inattendu la met brusquement face \u00e0 ses contradictions. <\/p>\n<\/div>\n\n\n\n<div class=\"wp-block-column is-layout-flow wp-block-column-is-layout-flow\">\n<div style=\"height:100px\" aria-hidden=\"true\" class=\"wp-block-spacer\"><\/div>\n\n\n\n<p style=\"font-size:14px\"><\/p>\n<\/div>\n<\/div>\n<\/div>\n<\/div>\n\n\n\n<div class=\"wp-block-columns is-layout-flex wp-container-core-columns-is-layout-9d6595d7 wp-block-columns-is-layout-flex\">\n<div class=\"wp-block-column is-layout-flow wp-block-column-is-layout-flow\">\n<figure class=\"wp-block-image size-full\"><img loading=\"lazy\" decoding=\"async\" width=\"810\" height=\"1080\" src=\"https:\/\/elzede.net\/acl\/wp-content\/uploads\/2025\/11\/9-NOV.jpg\" alt=\"\" class=\"wp-image-3590\" srcset=\"https:\/\/elzede.net\/acl\/wp-content\/uploads\/2025\/11\/9-NOV.jpg 810w, https:\/\/elzede.net\/acl\/wp-content\/uploads\/2025\/11\/9-NOV-225x300.jpg 225w, https:\/\/elzede.net\/acl\/wp-content\/uploads\/2025\/11\/9-NOV-768x1024.jpg 768w\" sizes=\"auto, (max-width: 767px) 89vw, (max-width: 1000px) 54vw, (max-width: 1071px) 543px, 580px\" \/><\/figure>\n\n\n\n<p style=\"font-size:14px\"><strong>Dim. 09 nov. \u00e0 17h<\/strong><br><strong><mark style=\"background-color:#00d084\" class=\"has-inline-color has-black-color\">HOPPER ET LE SECRET DE LA MARMOTTE<\/mark><\/strong><br>Un film de Benjamin Mousquet<br>Fran\u00e7ais sorti en 2025 &#8211; 1h28 (\u00e0 partir de 6 ans)<\/p>\n\n\n\n<p class=\"has-small-font-size\"><strong><mark style=\"background-color:rgba(0, 0, 0, 0)\" class=\"has-inline-color has-vivid-green-cyan-color\">La l\u00e9gende raconte qu&rsquo;une myst\u00e9rieuse marmotte,<\/mark><\/strong> cach\u00e9e dans une montagne secr\u00e8te, aurait le pouvoir de remonter le temps. Quand il apprend qu&rsquo;elle serait la seule \u00e0 pouvoir sauver son esp\u00e8ce, Hopper, aventurier intr\u00e9pide, est pr\u00eat \u00e0 tout pour retrouver la trace de cette marmotte ! Mais le voyage sera sem\u00e9 d&#8217;emb\u00fbches\u2026 Il semblerait qu&rsquo;il ne soit pas le seul \u00e0 vouloir mettre la main sur le secret de la marmotte !<\/p>\n<\/div>\n\n\n\n<div class=\"wp-block-column is-layout-flow wp-block-column-is-layout-flow\">\n<div style=\"height:100px\" aria-hidden=\"true\" class=\"wp-block-spacer\"><\/div>\n\n\n\n<p style=\"font-size:14px\"><\/p>\n<\/div>\n<\/div>\n","protected":false},"excerpt":{"rendered":"<p>Vend. 14 nov. \u00e0 20h30NOUVELLE VAGUEUn film de RICHARD LINKLATERFran\u00e7ais sorti en 2025 &#8211; 1h46 Ceci est l&rsquo;histoire de Godard tournant \u00ab \u00c0 bout de souffle \u00bb, racont\u00e9e dans le style et l&rsquo;esprit de Godard tournant \u00ab \u00c0 bout de souffle \u00bb. Mardi 11 Nov. \u00e0 20h30KONTINENTAL 25Un film de Radu JudeRoumain sorti en 2025 &hellip; <\/p>\n<p class=\"link-more\"><a href=\"https:\/\/elzede.net\/acl\/dimanche-on-fait-la-marmotte-mardi-cest-la-remise-en-question-et-vendredi-on-est-a-bout-de-souffle\/\" class=\"more-link\">Continuer la lecture<span class=\"screen-reader-text\"> de &laquo;&nbsp;Dimanche, on fait la marmotte ; mardi, c\u2019est la remise en question ; et vendredi, on est \u00e0 bout de souffle.&nbsp;&raquo;<\/span><\/a><\/p>\n","protected":false},"author":1,"featured_media":0,"comment_status":"open","ping_status":"open","sticky":false,"template":"","format":"standard","meta":{"footnotes":""},"categories":[21,7],"tags":[],"class_list":["post-3585","post","type-post","status-publish","format-standard","hentry","category-21","category-archive"],"_links":{"self":[{"href":"https:\/\/elzede.net\/acl\/wp-json\/wp\/v2\/posts\/3585","targetHints":{"allow":["GET"]}}],"collection":[{"href":"https:\/\/elzede.net\/acl\/wp-json\/wp\/v2\/posts"}],"about":[{"href":"https:\/\/elzede.net\/acl\/wp-json\/wp\/v2\/types\/post"}],"author":[{"embeddable":true,"href":"https:\/\/elzede.net\/acl\/wp-json\/wp\/v2\/users\/1"}],"replies":[{"embeddable":true,"href":"https:\/\/elzede.net\/acl\/wp-json\/wp\/v2\/comments?post=3585"}],"version-history":[{"count":5,"href":"https:\/\/elzede.net\/acl\/wp-json\/wp\/v2\/posts\/3585\/revisions"}],"predecessor-version":[{"id":3595,"href":"https:\/\/elzede.net\/acl\/wp-json\/wp\/v2\/posts\/3585\/revisions\/3595"}],"wp:attachment":[{"href":"https:\/\/elzede.net\/acl\/wp-json\/wp\/v2\/media?parent=3585"}],"wp:term":[{"taxonomy":"category","embeddable":true,"href":"https:\/\/elzede.net\/acl\/wp-json\/wp\/v2\/categories?post=3585"},{"taxonomy":"post_tag","embeddable":true,"href":"https:\/\/elzede.net\/acl\/wp-json\/wp\/v2\/tags?post=3585"}],"curies":[{"name":"wp","href":"https:\/\/api.w.org\/{rel}","templated":true}]}}