{"id":3508,"date":"2025-10-23T14:28:50","date_gmt":"2025-10-23T12:28:50","guid":{"rendered":"https:\/\/elzede.net\/acl\/?p=3508"},"modified":"2025-11-07T10:17:25","modified_gmt":"2025-11-07T09:17:25","slug":"batailles-villes-fantomes-quel-programme","status":"publish","type":"post","link":"https:\/\/elzede.net\/acl\/batailles-villes-fantomes-quel-programme\/","title":{"rendered":"Batailles, villes, fant\u00f4mes&#8230; Quel programme !"},"content":{"rendered":"\n<p>En ouverture, la s\u00e9lection sp\u00e9ciale Halloween du CMJ pour le vendredi 31 octobre<\/p>\n\n\n\n<hr class=\"wp-block-separator has-alpha-channel-opacity\"\/>\n\n\n\n<div class=\"wp-block-cover aligncenter is-light\" style=\"min-height:503px;aspect-ratio:unset;\"><img loading=\"lazy\" decoding=\"async\" width=\"789\" height=\"789\" class=\"wp-block-cover__image-background wp-image-3540 size-full\" alt=\"\" src=\"https:\/\/elzede.net\/acl\/wp-content\/uploads\/2025\/10\/1660288723_3c082ea32e_c-1.jpg\" data-object-fit=\"cover\" srcset=\"https:\/\/elzede.net\/acl\/wp-content\/uploads\/2025\/10\/1660288723_3c082ea32e_c-1.jpg 789w, https:\/\/elzede.net\/acl\/wp-content\/uploads\/2025\/10\/1660288723_3c082ea32e_c-1-300x300.jpg 300w, https:\/\/elzede.net\/acl\/wp-content\/uploads\/2025\/10\/1660288723_3c082ea32e_c-1-150x150.jpg 150w, https:\/\/elzede.net\/acl\/wp-content\/uploads\/2025\/10\/1660288723_3c082ea32e_c-1-768x768.jpg 768w, https:\/\/elzede.net\/acl\/wp-content\/uploads\/2025\/10\/1660288723_3c082ea32e_c-1-100x100.jpg 100w\" sizes=\"auto, (max-width: 767px) 89vw, (max-width: 1000px) 54vw, (max-width: 1071px) 543px, 580px\" \/><span aria-hidden=\"true\" class=\"wp-block-cover__background has-background-dim\" style=\"background-color:#c8856b\"><\/span><div class=\"wp-block-cover__inner-container is-layout-flow wp-block-cover-is-layout-flow\">\n<p class=\"has-text-align-left has-white-color has-text-color\" style=\"font-size:50px\">Une soir\u00e9e Halloween qui vous garantit frissons et rires.<\/p>\n\n\n\n<div class=\"wp-block-buttons is-layout-flex wp-block-buttons-is-layout-flex\">\n<div class=\"wp-block-button is-style-fill\"><a class=\"wp-block-button__link has-white-color has-black-background-color has-text-color has-background wp-element-button\" href=\"https:\/\/elzede.net\/acl\/ce-mois-ci-chacun-y-trouvera-son-bonheur\/\"><strong><mark style=\"background-color:rgba(0, 0, 0, 0)\" class=\"has-inline-color has-luminous-vivid-orange-color\">+<\/mark><\/strong><\/a><\/div>\n<\/div>\n<\/div><\/div>\n\n\n\n<hr class=\"wp-block-separator has-alpha-channel-opacity\"\/>\n\n\n\n<h2 class=\"wp-block-heading has-text-align-center\"><strong><mark style=\"background-color:rgba(0, 0, 0, 0)\" class=\"has-inline-color has-luminous-vivid-amber-color\">Le chant des cigales r\u00e9sonnera en ville<\/mark><\/strong><\/h2>\n\n\n\n<p class=\"has-text-align-center\">avec<strong> La Compagnie des Cigales<\/strong><\/p>\n\n\n\n<hr class=\"wp-block-separator has-alpha-channel-opacity\"\/>\n\n\n\n<div class=\"wp-block-columns is-layout-flex wp-container-core-columns-is-layout-9d6595d7 wp-block-columns-is-layout-flex\">\n<div class=\"wp-block-column is-layout-flow wp-block-column-is-layout-flow\">\n<figure class=\"wp-block-image size-full size-large\"><img loading=\"lazy\" decoding=\"async\" width=\"600\" height=\"800\" src=\"https:\/\/elzede.net\/acl\/wp-content\/uploads\/2025\/10\/7346b5efd3b418856fd519ddd738a0a7.jpg-1.webp\" alt=\"\" class=\"wp-image-3536\" srcset=\"https:\/\/elzede.net\/acl\/wp-content\/uploads\/2025\/10\/7346b5efd3b418856fd519ddd738a0a7.jpg-1.webp 600w, https:\/\/elzede.net\/acl\/wp-content\/uploads\/2025\/10\/7346b5efd3b418856fd519ddd738a0a7.jpg-1-225x300.webp 225w\" sizes=\"auto, (max-width: 600px) 100vw, 600px\" \/><\/figure>\n\n\n\n<h2 class=\"wp-block-heading has-black-color has-text-color\" style=\"font-size:45px\"><mark style=\"background-color:rgba(0, 0, 0, 0)\" class=\"has-inline-color has-white-color\">Le 26 oct.<br>\u00e0 17h<\/mark><\/h2>\n\n\n\n<h2 class=\"wp-block-heading has-black-color has-text-color\"><strong><mark style=\"background-color:rgba(0, 0, 0, 0)\" class=\"has-inline-color has-luminous-vivid-amber-color\">Le voyage de Chihiro<\/mark><\/strong><\/h2>\n\n\n\n<p><mark style=\"background-color:rgba(0, 0, 0, 0)\" class=\"has-inline-color has-white-color\">Film japonais de 2000 &#8211; 2h05<\/mark><\/p>\n\n\n\n<p style=\"line-height:3\"><mark style=\"background-color:rgba(0, 0, 0, 0)\" class=\"has-inline-color has-white-color\"><strong>De Hayao Miyazaki<\/strong><\/mark><\/p>\n\n\n\n<p><strong><mark style=\"background-color:rgba(0, 0, 0, 0)\" class=\"has-inline-color has-luminous-vivid-amber-color\">Chihiro, une fillette de 10 ans,<\/mark><\/strong><mark style=\"background-color:rgba(0, 0, 0, 0)\" class=\"has-inline-color has-white-color\"> est en route vers sa nouvelle demeure en compagnie de ses parents. Au cours du voyage, la famille fait une halte dans un parc \u00e0 th\u00e8me qui leur para\u00eet d\u00e9labr\u00e9.<\/mark><\/p>\n<\/div>\n\n\n\n<div class=\"wp-block-column is-layout-flow wp-block-column-is-layout-flow\">\n<div style=\"height:254px\" aria-hidden=\"true\" class=\"wp-block-spacer\"><\/div>\n\n\n\n<figure class=\"wp-block-image size-full size-large\"><img loading=\"lazy\" decoding=\"async\" width=\"600\" height=\"900\" src=\"https:\/\/elzede.net\/acl\/wp-content\/uploads\/2025\/10\/19215572.jpg\" alt=\"\" class=\"wp-image-3524\" srcset=\"https:\/\/elzede.net\/acl\/wp-content\/uploads\/2025\/10\/19215572.jpg 600w, https:\/\/elzede.net\/acl\/wp-content\/uploads\/2025\/10\/19215572-200x300.jpg 200w\" sizes=\"auto, (max-width: 600px) 100vw, 600px\" \/><\/figure>\n\n\n\n<h2 class=\"wp-block-heading has-black-color has-text-color\" style=\"font-size:45px\"><mark style=\"background-color:rgba(0, 0, 0, 0)\" class=\"has-inline-color has-white-color\">Le 28 oct.<br>\u00e0 20h30<\/mark><\/h2>\n\n\n\n<h2 class=\"wp-block-heading has-black-color has-text-color\"><strong><mark style=\"background-color:rgba(0, 0, 0, 0)\" class=\"has-inline-color has-luminous-vivid-amber-color\">INCEPTION<\/mark><\/strong><\/h2>\n\n\n\n<p style=\"line-height:3.0\"><mark style=\"background-color:rgba(0, 0, 0, 0)\" class=\"has-inline-color has-white-color\">Film am\u00e9ricain de 2010 &#8211; 2h28<\/mark><br><mark style=\"background-color:rgba(0, 0, 0, 0)\" class=\"has-inline-color has-white-color\"><strong><em>VOSTF<\/em><\/strong><\/mark><\/p>\n\n\n\n<p><strong><mark style=\"background-color:rgba(0, 0, 0, 0)\" class=\"has-inline-color has-white-color\">De Christopher Nolan<\/mark><\/strong><\/p>\n\n\n\n<p><strong><mark style=\"background-color:rgba(0, 0, 0, 0)\" class=\"has-inline-color has-luminous-vivid-amber-color\">Dom Cobb est un voleur exp\u00e9riment\u00e9,<\/mark><\/strong><mark style=\"background-color:rgba(0, 0, 0, 0)\" class=\"has-inline-color has-white-color\"><strong> <\/strong>le meilleur qui soit dans l&rsquo;art p\u00e9rilleux de l&rsquo;extraction : sa sp\u00e9cialit\u00e9 consiste \u00e0 s&rsquo;approprier les secrets les plus pr\u00e9cieux d&rsquo;un individu, enfouis au plus profond de son subconscient, pendant qu&rsquo;il r\u00eave et que son esprit est particuli\u00e8rement vuln\u00e9rable.<\/mark><\/p>\n<\/div>\n<\/div>\n\n\n\n<hr class=\"wp-block-separator has-alpha-channel-opacity\"\/>\n\n\n\n<div class=\"wp-block-group alignfull is-content-justification-center\" style=\"margin-top:0;margin-bottom:0\"><div class=\"wp-block-group__inner-container is-layout-constrained wp-block-group-is-layout-constrained\">\n<div style=\"height:var(--wp--preset--spacing--20)\" aria-hidden=\"true\" class=\"wp-block-spacer\"><\/div>\n\n\n\n<div class=\"wp-block-group alignwide\"><div class=\"wp-block-group__inner-container is-layout-flow wp-block-group-is-layout-flow\">\n<div class=\"wp-block-columns alignwide are-vertically-aligned-top is-layout-flex wp-container-core-columns-is-layout-ac3ebc3b wp-block-columns-is-layout-flex\">\n<div class=\"wp-block-column is-vertically-aligned-top is-content-justification-left is-layout-constrained wp-container-core-column-is-layout-02d07192 wp-block-column-is-layout-constrained\">\n<h2 class=\"wp-block-heading\">vendredi 24 oct.<br>\u00e0 20h30<\/h2>\n\n\n\n<p><strong><mark style=\"background-color:#8ed1fc\" class=\"has-inline-color has-black-color\">Une bataille apr\u00e8s l&rsquo;autre<\/mark><\/strong><br>de Paul Thomas Anderson<\/p>\n\n\n\n<p>Film am\u00e9ricain de 2025 &#8211; <strong><em>VOSTF<\/em><\/strong><br>2h36<\/p>\n\n\n\n<p>avec L\u00e9ornado Dicaprio, Benicio Del Toro, Teyana Taylor<\/p>\n<\/div>\n\n\n\n<div class=\"wp-block-column is-vertically-aligned-top is-layout-flow wp-block-column-is-layout-flow\" style=\"flex-basis:40%\">\n<p><strong><mark style=\"background-color:rgba(0, 0, 0, 0)\" class=\"has-inline-color has-pale-cyan-blue-color\">Ancien r\u00e9volutionnaire d\u00e9sabus\u00e9 et parano\u00efaque,<\/mark><\/strong> Bob vit en marge de la soci\u00e9t\u00e9, avec sa fille Willa, ind\u00e9pendante et pleine de ressources. Quand son ennemi jur\u00e9 refait surface apr\u00e8s 1 6 ans et que Willa dispara\u00eet, Bob remue ciel et terre pour la retrouver, affrontant pour la premi\u00e8re fois les cons\u00e9quences de son pass\u00e9&#8230;<\/p>\n<\/div>\n<\/div>\n\n\n\n<div style=\"height:var(--wp--preset--spacing--20)\" aria-hidden=\"true\" class=\"wp-block-spacer\"><\/div>\n\n\n\n<figure class=\"wp-block-image size-large\"><img loading=\"lazy\" decoding=\"async\" width=\"1024\" height=\"683\" src=\"https:\/\/elzede.net\/acl\/wp-content\/uploads\/2025\/10\/0d03b3a5761e7f46ddb6e8f7ee4e1ef2-1024x683.webp\" alt=\"\" class=\"wp-image-3547\" style=\"aspect-ratio:16\/9;object-fit:cover\" srcset=\"https:\/\/elzede.net\/acl\/wp-content\/uploads\/2025\/10\/0d03b3a5761e7f46ddb6e8f7ee4e1ef2-1024x683.webp 1024w, https:\/\/elzede.net\/acl\/wp-content\/uploads\/2025\/10\/0d03b3a5761e7f46ddb6e8f7ee4e1ef2-300x200.webp 300w, https:\/\/elzede.net\/acl\/wp-content\/uploads\/2025\/10\/0d03b3a5761e7f46ddb6e8f7ee4e1ef2-768x512.webp 768w, https:\/\/elzede.net\/acl\/wp-content\/uploads\/2025\/10\/0d03b3a5761e7f46ddb6e8f7ee4e1ef2-1536x1024.webp 1536w, https:\/\/elzede.net\/acl\/wp-content\/uploads\/2025\/10\/0d03b3a5761e7f46ddb6e8f7ee4e1ef2.webp 1600w\" sizes=\"auto, (max-width: 767px) 89vw, (max-width: 1000px) 54vw, (max-width: 1071px) 543px, 580px\" \/><\/figure>\n<\/div><\/div>\n\n\n\n<div style=\"height:var(--wp--preset--spacing--20)\" aria-hidden=\"true\" class=\"wp-block-spacer\"><\/div>\n<\/div><\/div>\n","protected":false},"excerpt":{"rendered":"<p>En ouverture, la s\u00e9lection sp\u00e9ciale Halloween du CMJ pour le vendredi 31 octobre Le chant des cigales r\u00e9sonnera en ville avec La Compagnie des Cigales Le 26 oct.\u00e0 17h Le voyage de Chihiro Film japonais de 2000 &#8211; 2h05 De Hayao Miyazaki Chihiro, une fillette de 10 ans, est en route vers sa nouvelle demeure &hellip; <\/p>\n<p class=\"link-more\"><a href=\"https:\/\/elzede.net\/acl\/batailles-villes-fantomes-quel-programme\/\" class=\"more-link\">Continuer la lecture<span class=\"screen-reader-text\"> de &laquo;&nbsp;Batailles, villes, fant\u00f4mes&#8230; Quel programme !&nbsp;&raquo;<\/span><\/a><\/p>\n","protected":false},"author":1,"featured_media":0,"comment_status":"open","ping_status":"open","sticky":false,"template":"","format":"standard","meta":{"footnotes":""},"categories":[21,7],"tags":[],"class_list":["post-3508","post","type-post","status-publish","format-standard","hentry","category-21","category-archive"],"_links":{"self":[{"href":"https:\/\/elzede.net\/acl\/wp-json\/wp\/v2\/posts\/3508","targetHints":{"allow":["GET"]}}],"collection":[{"href":"https:\/\/elzede.net\/acl\/wp-json\/wp\/v2\/posts"}],"about":[{"href":"https:\/\/elzede.net\/acl\/wp-json\/wp\/v2\/types\/post"}],"author":[{"embeddable":true,"href":"https:\/\/elzede.net\/acl\/wp-json\/wp\/v2\/users\/1"}],"replies":[{"embeddable":true,"href":"https:\/\/elzede.net\/acl\/wp-json\/wp\/v2\/comments?post=3508"}],"version-history":[{"count":25,"href":"https:\/\/elzede.net\/acl\/wp-json\/wp\/v2\/posts\/3508\/revisions"}],"predecessor-version":[{"id":3558,"href":"https:\/\/elzede.net\/acl\/wp-json\/wp\/v2\/posts\/3508\/revisions\/3558"}],"wp:attachment":[{"href":"https:\/\/elzede.net\/acl\/wp-json\/wp\/v2\/media?parent=3508"}],"wp:term":[{"taxonomy":"category","embeddable":true,"href":"https:\/\/elzede.net\/acl\/wp-json\/wp\/v2\/categories?post=3508"},{"taxonomy":"post_tag","embeddable":true,"href":"https:\/\/elzede.net\/acl\/wp-json\/wp\/v2\/tags?post=3508"}],"curies":[{"name":"wp","href":"https:\/\/api.w.org\/{rel}","templated":true}]}}