{"id":3480,"date":"2025-10-13T15:13:54","date_gmt":"2025-10-13T13:13:54","guid":{"rendered":"https:\/\/elzede.net\/acl\/?p=3480"},"modified":"2025-10-23T15:44:32","modified_gmt":"2025-10-23T13:44:32","slug":"le-cinema-cest-du-vivant-alors-ca-bouge","status":"publish","type":"post","link":"https:\/\/elzede.net\/acl\/le-cinema-cest-du-vivant-alors-ca-bouge\/","title":{"rendered":"Le cin\u00e9ma, c\u2019est du vivant\u2026 alors \u00e7a bouge !"},"content":{"rendered":"\n<div class=\"wp-block-cover is-light wp-duotone-blue-red\"><img loading=\"lazy\" decoding=\"async\" width=\"815\" height=\"652\" class=\"wp-block-cover__image-background wp-image-3495 size-full\" alt=\"\" src=\"https:\/\/elzede.net\/acl\/wp-content\/uploads\/2025\/10\/Chevalier.jpg\" data-object-fit=\"cover\" srcset=\"https:\/\/elzede.net\/acl\/wp-content\/uploads\/2025\/10\/Chevalier.jpg 815w, https:\/\/elzede.net\/acl\/wp-content\/uploads\/2025\/10\/Chevalier-300x240.jpg 300w, https:\/\/elzede.net\/acl\/wp-content\/uploads\/2025\/10\/Chevalier-768x614.jpg 768w\" sizes=\"auto, (max-width: 767px) 89vw, (max-width: 1000px) 54vw, (max-width: 1071px) 543px, 580px\" \/><span aria-hidden=\"true\" class=\"wp-block-cover__background has-background-dim\" style=\"background-color:#ab9b7e\"><\/span><div class=\"wp-block-cover__inner-container is-layout-constrained wp-block-cover-is-layout-constrained\">\n<p class=\"has-text-align-center has-large-font-size\"><a href=\"https:\/\/elzede.net\/acl\/ce-mois-ci-chacun-y-trouvera-son-bonheur\/\" data-type=\"post\" data-id=\"3402\"><strong>Festival <em>CLAP<\/em> <\/strong> 2025<\/a><\/p>\n\n\n\n<p class=\"has-text-align-center\"><strong><mark style=\"background-color:rgba(0, 0, 0, 0)\" class=\"has-inline-color has-white-color\">Les 17, 18 et 19 Octobre<\/mark><\/strong><\/p>\n<\/div><\/div>\n\n\n\n<h2 class=\"wp-block-heading\">Chers rois et reines, princes et princesses, comtes et comtesses\u2026<\/h2>\n\n\n\n<p>Nous avions annonc\u00e9 avec enthousiasme la projection de <em>Sacr\u00e9 Graal<\/em> des Monty Python pour ouvrir en fanfare notre \u00e9dition CLAP 2025 consacr\u00e9e \u00e0 la chevalerie normande\u2026 H\u00e9las, les al\u00e9as de l\u2019organisation ont eu raison de cette joyeuse promesse, et nous avons d\u00fb renoncer \u00e0 cette projection tant esp\u00e9r\u00e9e.<\/p>\n\n\n\n<p>Mais que l\u2019on se rassure : l\u2019esprit de la qu\u00eate reste intact\u202f! En lieu et place du Graal, c\u2019est <em>Le Lion en hiver<\/em> qui rugira en ouverture. Une fresque tout aussi \u00e9pique, mordante et royale, pour lancer notre festival avec panache.<\/p>\n\n\n\n<p>Plus d&rsquo;info dans la rubrique<br>&#8211; \u00ab&nbsp;<a href=\"https:\/\/elzede.net\/acl\/ce-mois-ci-chacun-y-trouvera-son-bonheur\/\" data-type=\"post\" data-id=\"3402\"><strong>Et avec ceci ?<\/strong><\/a>&nbsp;\u00bb<\/p>\n\n\n\n<hr class=\"wp-block-separator has-alpha-channel-opacity\"\/>\n\n\n\n<div class=\"wp-block-columns alignwide are-vertically-aligned-top is-layout-flex wp-container-core-columns-is-layout-ac3ebc3b wp-block-columns-is-layout-flex\">\n<div class=\"wp-block-column is-vertically-aligned-top is-content-justification-left is-layout-constrained wp-container-core-column-is-layout-02d07192 wp-block-column-is-layout-constrained\">\n<h2 class=\"wp-block-heading\">Mardi 21 oct.<br>\u00e0 20h30<\/h2>\n\n\n\n<p><strong><mark style=\"background-color:#9b51e0\" class=\"has-inline-color has-black-color\">SIRAT<\/mark><\/strong><br>de Emmanuel Poulain-Arnaud<\/p>\n\n\n\n<p>ESPAGNOL, 2025 &#8211; <strong><em>VOSTF<\/em><\/strong><br>1H55<\/p>\n<\/div>\n\n\n\n<div class=\"wp-block-column is-vertically-aligned-top is-layout-flow wp-block-column-is-layout-flow\" style=\"flex-basis:40%\">\n<p><strong><mark style=\"background-color:rgba(0, 0, 0, 0)\" class=\"has-inline-color has-vivid-purple-color\">Au c\u0153ur des montagnes du sud du Maroc, <\/mark><\/strong>Luis, accompagn\u00e9 de son fils Est\u00e9ban, recherche sa fille a\u00een\u00e9e qui a disparu. Ils rallient un groupe de ravers en route vers une \u00e9ni\u00e8me f\u00eate dans les profondeurs du d\u00e9sert. Ils s&rsquo;enfoncent dans l&rsquo;immensit\u00e9 br\u00fblante d&rsquo;un miroir de sable qui les confronte \u00e0 leurs propres limites.<\/p>\n<\/div>\n<\/div>\n\n\n\n<div style=\"height:var(--wp--preset--spacing--20)\" aria-hidden=\"true\" class=\"wp-block-spacer\"><\/div>\n\n\n\n<figure class=\"wp-block-image size-large\"><img loading=\"lazy\" decoding=\"async\" width=\"1024\" height=\"679\" src=\"https:\/\/elzede.net\/acl\/wp-content\/uploads\/2025\/10\/SIRAT-1024x679.jpg\" alt=\"\" class=\"wp-image-3505\" style=\"aspect-ratio:16\/9;object-fit:cover\" srcset=\"https:\/\/elzede.net\/acl\/wp-content\/uploads\/2025\/10\/SIRAT-1024x679.jpg 1024w, https:\/\/elzede.net\/acl\/wp-content\/uploads\/2025\/10\/SIRAT-300x199.jpg 300w, https:\/\/elzede.net\/acl\/wp-content\/uploads\/2025\/10\/SIRAT-768x509.jpg 768w, https:\/\/elzede.net\/acl\/wp-content\/uploads\/2025\/10\/SIRAT-1536x1019.jpg 1536w, https:\/\/elzede.net\/acl\/wp-content\/uploads\/2025\/10\/SIRAT.jpg 1600w\" sizes=\"auto, (max-width: 767px) 89vw, (max-width: 1000px) 54vw, (max-width: 1071px) 543px, 580px\" \/><\/figure>\n","protected":false},"excerpt":{"rendered":"<p>Chers rois et reines, princes et princesses, comtes et comtesses\u2026 Nous avions annonc\u00e9 avec enthousiasme la projection de Sacr\u00e9 Graal des Monty Python pour ouvrir en fanfare notre \u00e9dition CLAP 2025 consacr\u00e9e \u00e0 la chevalerie normande\u2026 H\u00e9las, les al\u00e9as de l\u2019organisation ont eu raison de cette joyeuse promesse, et nous avons d\u00fb renoncer \u00e0 cette &hellip; <\/p>\n<p class=\"link-more\"><a href=\"https:\/\/elzede.net\/acl\/le-cinema-cest-du-vivant-alors-ca-bouge\/\" class=\"more-link\">Continuer la lecture<span class=\"screen-reader-text\"> de &laquo;&nbsp;Le cin\u00e9ma, c\u2019est du vivant\u2026 alors \u00e7a bouge !&nbsp;&raquo;<\/span><\/a><\/p>\n","protected":false},"author":1,"featured_media":0,"comment_status":"open","ping_status":"open","sticky":false,"template":"","format":"standard","meta":{"footnotes":""},"categories":[21,7],"tags":[],"class_list":["post-3480","post","type-post","status-publish","format-standard","hentry","category-21","category-archive"],"_links":{"self":[{"href":"https:\/\/elzede.net\/acl\/wp-json\/wp\/v2\/posts\/3480","targetHints":{"allow":["GET"]}}],"collection":[{"href":"https:\/\/elzede.net\/acl\/wp-json\/wp\/v2\/posts"}],"about":[{"href":"https:\/\/elzede.net\/acl\/wp-json\/wp\/v2\/types\/post"}],"author":[{"embeddable":true,"href":"https:\/\/elzede.net\/acl\/wp-json\/wp\/v2\/users\/1"}],"replies":[{"embeddable":true,"href":"https:\/\/elzede.net\/acl\/wp-json\/wp\/v2\/comments?post=3480"}],"version-history":[{"count":6,"href":"https:\/\/elzede.net\/acl\/wp-json\/wp\/v2\/posts\/3480\/revisions"}],"predecessor-version":[{"id":3506,"href":"https:\/\/elzede.net\/acl\/wp-json\/wp\/v2\/posts\/3480\/revisions\/3506"}],"wp:attachment":[{"href":"https:\/\/elzede.net\/acl\/wp-json\/wp\/v2\/media?parent=3480"}],"wp:term":[{"taxonomy":"category","embeddable":true,"href":"https:\/\/elzede.net\/acl\/wp-json\/wp\/v2\/categories?post=3480"},{"taxonomy":"post_tag","embeddable":true,"href":"https:\/\/elzede.net\/acl\/wp-json\/wp\/v2\/tags?post=3480"}],"curies":[{"name":"wp","href":"https:\/\/api.w.org\/{rel}","templated":true}]}}