{"id":3094,"date":"2025-03-17T13:21:22","date_gmt":"2025-03-17T12:21:22","guid":{"rendered":"https:\/\/elzede.net\/acl\/?p=3094"},"modified":"2026-03-25T08:50:29","modified_gmt":"2026-03-25T07:50:29","slug":"votre-programme-du-18-au-25-mars","status":"publish","type":"post","link":"https:\/\/elzede.net\/acl\/votre-programme-du-18-au-25-mars\/","title":{"rendered":"Votre programme du 18 au 25 mars"},"content":{"rendered":"\n<h2 class=\"wp-block-heading has-text-align-center has-vivid-cyan-blue-color has-text-color has-link-color wp-elements-779eb04ee8d058944f19050e57e5ef78\"><strong>Cette semaine d\u00e9bute la F\u00eate du Court-M\u00e9trage<\/strong><\/h2>\n\n\n<figure class=\"wp-block-post-featured-image\"><img loading=\"lazy\" decoding=\"async\" width=\"1920\" height=\"650\" src=\"https:\/\/elzede.net\/acl\/wp-content\/uploads\/2025\/03\/Bandeau_reseaux_sociaux_a432f9ea50.png\" class=\"attachment-post-thumbnail size-post-thumbnail wp-post-image\" alt=\"\" style=\"object-fit:cover;\" srcset=\"https:\/\/elzede.net\/acl\/wp-content\/uploads\/2025\/03\/Bandeau_reseaux_sociaux_a432f9ea50.png 1920w, https:\/\/elzede.net\/acl\/wp-content\/uploads\/2025\/03\/Bandeau_reseaux_sociaux_a432f9ea50-300x102.png 300w, https:\/\/elzede.net\/acl\/wp-content\/uploads\/2025\/03\/Bandeau_reseaux_sociaux_a432f9ea50-1024x347.png 1024w, https:\/\/elzede.net\/acl\/wp-content\/uploads\/2025\/03\/Bandeau_reseaux_sociaux_a432f9ea50-768x260.png 768w, https:\/\/elzede.net\/acl\/wp-content\/uploads\/2025\/03\/Bandeau_reseaux_sociaux_a432f9ea50-1536x520.png 1536w\" sizes=\"auto, 100vw\" \/><\/figure>\n\n\n<p class=\"has-vivid-cyan-blue-color has-luminous-vivid-amber-background-color has-text-color has-background has-link-color wp-elements-1c9b80b0bb93c805585f59e89c1679dd\"><strong><em>Nous accueillons les r\u00e9sidents d&rsquo;institutions sp\u00e9cialis\u00e9es de la r\u00e9gion caennaise. Apr\u00e8s la projection de court-m\u00e9trages, nous partageons avec eux un go\u00fbter avec les g\u00e2teaux faits par les r\u00e9sidents. Les Amis du in\u00e9ma de Lion offrent les boissons.<br>Et si vous vous joigniez \u00e0 nous lors d&rsquo;une des quatre s\u00e9ances (gratuites) ?<\/em><\/strong><\/p>\n\n\n\n<div class=\"wp-block-columns are-vertically-aligned-center is-layout-flex wp-container-core-columns-is-layout-9d6595d7 wp-block-columns-is-layout-flex\">\n<div class=\"wp-block-column is-vertically-aligned-center is-layout-flow wp-block-column-is-layout-flow\" style=\"flex-basis:33.33%\">\n<p class=\"has-drop-cap\">Mardi 18 mars<br>20h30<\/p>\n<\/div>\n\n\n\n<div class=\"wp-block-column is-vertically-aligned-center is-layout-flow wp-block-column-is-layout-flow\" style=\"flex-basis:66.66%\">\n<figure class=\"wp-block-image size-full\"><img loading=\"lazy\" decoding=\"async\" width=\"944\" height=\"399\" src=\"https:\/\/elzede.net\/acl\/wp-content\/uploads\/2025\/02\/250318BRUTALIST.jpg\" alt=\"\" class=\"wp-image-3022\" srcset=\"https:\/\/elzede.net\/acl\/wp-content\/uploads\/2025\/02\/250318BRUTALIST.jpg 944w, https:\/\/elzede.net\/acl\/wp-content\/uploads\/2025\/02\/250318BRUTALIST-300x127.jpg 300w, https:\/\/elzede.net\/acl\/wp-content\/uploads\/2025\/02\/250318BRUTALIST-768x325.jpg 768w\" sizes=\"auto, (max-width: 767px) 89vw, (max-width: 1000px) 54vw, (max-width: 1071px) 543px, 580px\" \/><\/figure>\n<\/div>\n<\/div>\n\n\n\n<div class=\"wp-block-columns are-vertically-aligned-center is-layout-flex wp-container-core-columns-is-layout-9d6595d7 wp-block-columns-is-layout-flex\">\n<div class=\"wp-block-column is-vertically-aligned-center is-layout-flow wp-block-column-is-layout-flow\" style=\"flex-basis:33.33%\">\n<p class=\"has-drop-cap\">Mercredi  19 mars<br>14h<br><br>F\u00eate du Court<\/p>\n<\/div>\n\n\n\n<div class=\"wp-block-column is-vertically-aligned-center is-layout-flow wp-block-column-is-layout-flow\" style=\"flex-basis:66.66%\">\n<figure class=\"wp-block-image size-full\"><img loading=\"lazy\" decoding=\"async\" width=\"541\" height=\"186\" src=\"https:\/\/elzede.net\/acl\/wp-content\/uploads\/2025\/03\/250319FDC.jpg\" alt=\"\" class=\"wp-image-3123\" srcset=\"https:\/\/elzede.net\/acl\/wp-content\/uploads\/2025\/03\/250319FDC.jpg 541w, https:\/\/elzede.net\/acl\/wp-content\/uploads\/2025\/03\/250319FDC-300x103.jpg 300w\" sizes=\"auto, (max-width: 541px) 100vw, 541px\" \/><\/figure>\n<\/div>\n<\/div>\n\n\n\n<div class=\"wp-block-columns are-vertically-aligned-center is-layout-flex wp-container-core-columns-is-layout-9d6595d7 wp-block-columns-is-layout-flex\">\n<div class=\"wp-block-column is-vertically-aligned-center is-layout-flow wp-block-column-is-layout-flow\" style=\"flex-basis:33.33%\">\n<p class=\"has-drop-cap\">Jeudi 20 mars<br>14h<br><br>F\u00eate du Court<\/p>\n<\/div>\n\n\n\n<div class=\"wp-block-column is-vertically-aligned-center is-layout-flow wp-block-column-is-layout-flow\" style=\"flex-basis:66.66%\">\n<figure class=\"wp-block-image size-full\"><img loading=\"lazy\" decoding=\"async\" width=\"770\" height=\"192\" src=\"https:\/\/elzede.net\/acl\/wp-content\/uploads\/2025\/03\/250320FDC.jpg\" alt=\"\" class=\"wp-image-3124\" srcset=\"https:\/\/elzede.net\/acl\/wp-content\/uploads\/2025\/03\/250320FDC.jpg 770w, https:\/\/elzede.net\/acl\/wp-content\/uploads\/2025\/03\/250320FDC-300x75.jpg 300w, https:\/\/elzede.net\/acl\/wp-content\/uploads\/2025\/03\/250320FDC-768x192.jpg 768w\" sizes=\"auto, (max-width: 767px) 89vw, (max-width: 1000px) 54vw, (max-width: 1071px) 543px, 580px\" \/><\/figure>\n<\/div>\n<\/div>\n\n\n\n<div class=\"wp-block-columns are-vertically-aligned-center is-layout-flex wp-container-core-columns-is-layout-9d6595d7 wp-block-columns-is-layout-flex\">\n<div class=\"wp-block-column is-vertically-aligned-center is-layout-flow wp-block-column-is-layout-flow\" style=\"flex-basis:33.33%\">\n<p class=\"has-drop-cap\">Vendredi 21 mars<br>14h<br><br>F\u00eate du Court<\/p>\n<\/div>\n\n\n\n<div class=\"wp-block-column is-vertically-aligned-center is-layout-flow wp-block-column-is-layout-flow\" style=\"flex-basis:66.66%\">\n<figure class=\"wp-block-image size-full\"><img loading=\"lazy\" decoding=\"async\" width=\"626\" height=\"55\" src=\"https:\/\/elzede.net\/acl\/wp-content\/uploads\/2025\/03\/250321FDC.jpg\" alt=\"\" class=\"wp-image-3125\" srcset=\"https:\/\/elzede.net\/acl\/wp-content\/uploads\/2025\/03\/250321FDC.jpg 626w, https:\/\/elzede.net\/acl\/wp-content\/uploads\/2025\/03\/250321FDC-300x26.jpg 300w\" sizes=\"auto, (max-width: 626px) 100vw, 626px\" \/><\/figure>\n<\/div>\n<\/div>\n\n\n\n<div class=\"wp-block-columns are-vertically-aligned-center is-layout-flex wp-container-core-columns-is-layout-9d6595d7 wp-block-columns-is-layout-flex\">\n<div class=\"wp-block-column is-vertically-aligned-center is-layout-flow wp-block-column-is-layout-flow\" style=\"flex-basis:33.33%\">\n<p class=\"has-drop-cap\">Vendredi 21 mars<br>20h30<\/p>\n<\/div>\n\n\n\n<div class=\"wp-block-column is-vertically-aligned-center is-layout-flow wp-block-column-is-layout-flow\" style=\"flex-basis:66.66%\">\n<figure class=\"wp-block-image size-full\"><img loading=\"lazy\" decoding=\"async\" width=\"935\" height=\"448\" src=\"https:\/\/elzede.net\/acl\/wp-content\/uploads\/2025\/03\/250321PARFAITINCONNU.jpg\" alt=\"\" class=\"wp-image-3095\" srcset=\"https:\/\/elzede.net\/acl\/wp-content\/uploads\/2025\/03\/250321PARFAITINCONNU.jpg 935w, https:\/\/elzede.net\/acl\/wp-content\/uploads\/2025\/03\/250321PARFAITINCONNU-300x144.jpg 300w, https:\/\/elzede.net\/acl\/wp-content\/uploads\/2025\/03\/250321PARFAITINCONNU-768x368.jpg 768w\" sizes=\"auto, (max-width: 767px) 89vw, (max-width: 1000px) 54vw, (max-width: 1071px) 543px, 580px\" \/><\/figure>\n<\/div>\n<\/div>\n\n\n\n<div class=\"wp-block-columns are-vertically-aligned-center is-layout-flex wp-container-core-columns-is-layout-9d6595d7 wp-block-columns-is-layout-flex\">\n<div class=\"wp-block-column is-vertically-aligned-center is-layout-flow wp-block-column-is-layout-flow\" style=\"flex-basis:33.33%\">\n<p class=\"has-drop-cap\">Samedi 22 mars<br>20h30<br><br>F\u00eate du Court<\/p>\n<\/div>\n\n\n\n<div class=\"wp-block-column is-vertically-aligned-center is-layout-flow wp-block-column-is-layout-flow\" style=\"flex-basis:66.66%\">\n<figure class=\"wp-block-image size-full\"><img loading=\"lazy\" decoding=\"async\" width=\"727\" height=\"123\" src=\"https:\/\/elzede.net\/acl\/wp-content\/uploads\/2025\/03\/250322FDC-GRAVERLOR.jpg\" alt=\"\" class=\"wp-image-3126\" srcset=\"https:\/\/elzede.net\/acl\/wp-content\/uploads\/2025\/03\/250322FDC-GRAVERLOR.jpg 727w, https:\/\/elzede.net\/acl\/wp-content\/uploads\/2025\/03\/250322FDC-GRAVERLOR-300x51.jpg 300w\" sizes=\"auto, (max-width: 727px) 100vw, 727px\" \/><\/figure>\n<\/div>\n<\/div>\n\n\n\n<div class=\"wp-block-columns are-vertically-aligned-center is-layout-flex wp-container-core-columns-is-layout-9d6595d7 wp-block-columns-is-layout-flex\">\n<div class=\"wp-block-column is-vertically-aligned-center is-layout-flow wp-block-column-is-layout-flow\" style=\"flex-basis:33.33%\">\n<p class=\"has-drop-cap\">Dimanche 23 mars<br>17h<\/p>\n<\/div>\n\n\n\n<div class=\"wp-block-column is-vertically-aligned-center is-layout-flow wp-block-column-is-layout-flow\" style=\"flex-basis:66.66%\">\n<figure class=\"wp-block-image size-full\"><img loading=\"lazy\" decoding=\"async\" width=\"937\" height=\"618\" src=\"https:\/\/elzede.net\/acl\/wp-content\/uploads\/2025\/03\/250323LETSGET.jpg\" alt=\"\" class=\"wp-image-3096\" srcset=\"https:\/\/elzede.net\/acl\/wp-content\/uploads\/2025\/03\/250323LETSGET.jpg 937w, https:\/\/elzede.net\/acl\/wp-content\/uploads\/2025\/03\/250323LETSGET-300x198.jpg 300w, https:\/\/elzede.net\/acl\/wp-content\/uploads\/2025\/03\/250323LETSGET-768x507.jpg 768w\" sizes=\"auto, (max-width: 767px) 89vw, (max-width: 1000px) 54vw, (max-width: 1071px) 543px, 580px\" \/><\/figure>\n<\/div>\n<\/div>\n\n\n\n<div class=\"wp-block-columns are-vertically-aligned-center is-layout-flex wp-container-core-columns-is-layout-9d6595d7 wp-block-columns-is-layout-flex\">\n<div class=\"wp-block-column is-vertically-aligned-center is-layout-flow wp-block-column-is-layout-flow\" style=\"flex-basis:33.33%\">\n<p class=\"has-drop-cap\">Mardi 25 mars<br>14h<br><br>F\u00eate du Court<\/p>\n<\/div>\n\n\n\n<div class=\"wp-block-column is-vertically-aligned-center is-layout-flow wp-block-column-is-layout-flow\" style=\"flex-basis:66.66%\">\n<figure class=\"wp-block-image size-full\"><img loading=\"lazy\" decoding=\"async\" width=\"711\" height=\"136\" src=\"https:\/\/elzede.net\/acl\/wp-content\/uploads\/2025\/03\/250325FDC.jpg\" alt=\"\" class=\"wp-image-3127\" srcset=\"https:\/\/elzede.net\/acl\/wp-content\/uploads\/2025\/03\/250325FDC.jpg 711w, https:\/\/elzede.net\/acl\/wp-content\/uploads\/2025\/03\/250325FDC-300x57.jpg 300w\" sizes=\"auto, (max-width: 711px) 100vw, 711px\" \/><\/figure>\n<\/div>\n<\/div>\n\n\n\n<div class=\"wp-block-columns are-vertically-aligned-center is-layout-flex wp-container-core-columns-is-layout-9d6595d7 wp-block-columns-is-layout-flex\">\n<div class=\"wp-block-column is-vertically-aligned-center is-layout-flow wp-block-column-is-layout-flow\" style=\"flex-basis:33.33%\">\n<p class=\"has-drop-cap\">Mardi 25 mars<br>20h30<\/p>\n<\/div>\n\n\n\n<div class=\"wp-block-column is-vertically-aligned-center is-layout-flow wp-block-column-is-layout-flow\" style=\"flex-basis:66.66%\">\n<figure class=\"wp-block-image size-full\"><img loading=\"lazy\" decoding=\"async\" width=\"939\" height=\"456\" src=\"https:\/\/elzede.net\/acl\/wp-content\/uploads\/2025\/03\/250325STRIPTEASE.jpg\" alt=\"\" class=\"wp-image-3097\" srcset=\"https:\/\/elzede.net\/acl\/wp-content\/uploads\/2025\/03\/250325STRIPTEASE.jpg 939w, https:\/\/elzede.net\/acl\/wp-content\/uploads\/2025\/03\/250325STRIPTEASE-300x146.jpg 300w, https:\/\/elzede.net\/acl\/wp-content\/uploads\/2025\/03\/250325STRIPTEASE-768x373.jpg 768w\" sizes=\"auto, (max-width: 767px) 89vw, (max-width: 1000px) 54vw, (max-width: 1071px) 543px, 580px\" \/><\/figure>\n<\/div>\n<\/div>\n\n\n\n<p><\/p>\n","protected":false},"excerpt":{"rendered":"<p>Cette semaine d\u00e9bute la F\u00eate du Court-M\u00e9trage Nous accueillons les r\u00e9sidents d&rsquo;institutions sp\u00e9cialis\u00e9es de la r\u00e9gion caennaise. Apr\u00e8s la projection de court-m\u00e9trages, nous partageons avec eux un go\u00fbter avec les g\u00e2teaux faits par les r\u00e9sidents. Les Amis du in\u00e9ma de Lion offrent les boissons.Et si vous vous joigniez \u00e0 nous lors d&rsquo;une des quatre s\u00e9ances &hellip; <\/p>\n<p class=\"link-more\"><a href=\"https:\/\/elzede.net\/acl\/votre-programme-du-18-au-25-mars\/\" class=\"more-link\">Continuer la lecture<span class=\"screen-reader-text\"> de &laquo;&nbsp;Votre programme du 18 au 25 mars&nbsp;&raquo;<\/span><\/a><\/p>\n","protected":false},"author":1,"featured_media":3120,"comment_status":"open","ping_status":"open","sticky":false,"template":"","format":"standard","meta":{"footnotes":""},"categories":[21,7],"tags":[],"class_list":["post-3094","post","type-post","status-publish","format-standard","has-post-thumbnail","hentry","category-21","category-archive"],"_links":{"self":[{"href":"https:\/\/elzede.net\/acl\/wp-json\/wp\/v2\/posts\/3094","targetHints":{"allow":["GET"]}}],"collection":[{"href":"https:\/\/elzede.net\/acl\/wp-json\/wp\/v2\/posts"}],"about":[{"href":"https:\/\/elzede.net\/acl\/wp-json\/wp\/v2\/types\/post"}],"author":[{"embeddable":true,"href":"https:\/\/elzede.net\/acl\/wp-json\/wp\/v2\/users\/1"}],"replies":[{"embeddable":true,"href":"https:\/\/elzede.net\/acl\/wp-json\/wp\/v2\/comments?post=3094"}],"version-history":[{"count":4,"href":"https:\/\/elzede.net\/acl\/wp-json\/wp\/v2\/posts\/3094\/revisions"}],"predecessor-version":[{"id":3130,"href":"https:\/\/elzede.net\/acl\/wp-json\/wp\/v2\/posts\/3094\/revisions\/3130"}],"wp:featuredmedia":[{"embeddable":true,"href":"https:\/\/elzede.net\/acl\/wp-json\/wp\/v2\/media\/3120"}],"wp:attachment":[{"href":"https:\/\/elzede.net\/acl\/wp-json\/wp\/v2\/media?parent=3094"}],"wp:term":[{"taxonomy":"category","embeddable":true,"href":"https:\/\/elzede.net\/acl\/wp-json\/wp\/v2\/categories?post=3094"},{"taxonomy":"post_tag","embeddable":true,"href":"https:\/\/elzede.net\/acl\/wp-json\/wp\/v2\/tags?post=3094"}],"curies":[{"name":"wp","href":"https:\/\/api.w.org\/{rel}","templated":true}]}}