{"id":300,"date":"2020-06-21T15:21:36","date_gmt":"2020-06-21T13:21:36","guid":{"rendered":"https:\/\/elzede.net\/acl\/?p=300"},"modified":"2026-03-25T08:54:59","modified_gmt":"2026-03-25T07:54:59","slug":"les-programmes-du-23-juin-au-7-juillet","status":"publish","type":"post","link":"https:\/\/elzede.net\/acl\/les-programmes-du-23-juin-au-7-juillet\/","title":{"rendered":"Les Programmes du 23 juin au 7 juillet"},"content":{"rendered":"\n<p class=\"has-drop-cap\">Votre cin\u00e9ma reprend (enfin) ses activit\u00e9s. Vous trouverez ci-dessous le programme des deux semaines \u00e0 venir.<br><br>Notez qu&rsquo;<strong><span class=\"has-inline-color has-vivid-red-color\">au 21 juin les consignes Covid 19 applicables \u00e0 votre cin\u00e9ma<\/span><\/strong> sont les suivantes :<br>\u2022 <strong>44 spectateurs maximum<\/strong><br>\u2022 <strong>Vous pouvez choisir de vous masquer, ou pas<\/strong>.<br>\u2022 Un <strong>b\u00e9n\u00e9vole<\/strong> des Amis du Cin\u00e9ma de Lion et le <strong>projectionniste<\/strong> seront <strong>masqu\u00e9s<\/strong>.<\/p>\n\n\n\n<p>Et voila le programme<\/p>\n\n\n\n<figure class=\"wp-block-gallery columns-1 is-cropped wp-block-gallery-1 is-layout-flex wp-block-gallery-is-layout-flex\"><ul class=\"blocks-gallery-grid\"><li class=\"blocks-gallery-item\"><figure><img loading=\"lazy\" decoding=\"async\" width=\"1024\" height=\"442\" src=\"https:\/\/elzede.net\/acl\/wp-content\/uploads\/2020\/06\/20200623-JojoRabbit-1024x442.jpg\" alt=\"\" data-id=\"293\" data-full-url=\"https:\/\/elzede.net\/acl\/wp-content\/uploads\/2020\/06\/20200623-JojoRabbit.jpg\" data-link=\"https:\/\/elzede.net\/acl\/20200623-jojorabbit\/\" class=\"wp-image-293\" srcset=\"https:\/\/elzede.net\/acl\/wp-content\/uploads\/2020\/06\/20200623-JojoRabbit-1024x442.jpg 1024w, https:\/\/elzede.net\/acl\/wp-content\/uploads\/2020\/06\/20200623-JojoRabbit-300x129.jpg 300w, https:\/\/elzede.net\/acl\/wp-content\/uploads\/2020\/06\/20200623-JojoRabbit-768x331.jpg 768w, https:\/\/elzede.net\/acl\/wp-content\/uploads\/2020\/06\/20200623-JojoRabbit.jpg 1437w\" sizes=\"auto, (max-width: 767px) 89vw, (max-width: 1000px) 54vw, (max-width: 1071px) 543px, 580px\" \/><\/figure><\/li><li class=\"blocks-gallery-item\"><figure><img loading=\"lazy\" decoding=\"async\" width=\"1024\" height=\"437\" src=\"https:\/\/elzede.net\/acl\/wp-content\/uploads\/2020\/06\/20200626-Radioactive-1024x437.jpg\" alt=\"\" data-id=\"294\" data-full-url=\"https:\/\/elzede.net\/acl\/wp-content\/uploads\/2020\/06\/20200626-Radioactive.jpg\" data-link=\"https:\/\/elzede.net\/acl\/20200626-radioactive\/\" class=\"wp-image-294\" srcset=\"https:\/\/elzede.net\/acl\/wp-content\/uploads\/2020\/06\/20200626-Radioactive-1024x437.jpg 1024w, https:\/\/elzede.net\/acl\/wp-content\/uploads\/2020\/06\/20200626-Radioactive-300x128.jpg 300w, https:\/\/elzede.net\/acl\/wp-content\/uploads\/2020\/06\/20200626-Radioactive-768x328.jpg 768w, https:\/\/elzede.net\/acl\/wp-content\/uploads\/2020\/06\/20200626-Radioactive.jpg 1439w\" sizes=\"auto, (max-width: 767px) 89vw, (max-width: 1000px) 54vw, (max-width: 1071px) 543px, 580px\" \/><\/figure><\/li><li class=\"blocks-gallery-item\"><figure><img loading=\"lazy\" decoding=\"async\" width=\"1024\" height=\"280\" src=\"https:\/\/elzede.net\/acl\/wp-content\/uploads\/2020\/06\/20200628-EnAvant-1024x280.jpg\" alt=\"\" data-id=\"295\" data-full-url=\"https:\/\/elzede.net\/acl\/wp-content\/uploads\/2020\/06\/20200628-EnAvant.jpg\" data-link=\"https:\/\/elzede.net\/acl\/20200628-enavant\/\" class=\"wp-image-295\" srcset=\"https:\/\/elzede.net\/acl\/wp-content\/uploads\/2020\/06\/20200628-EnAvant-1024x280.jpg 1024w, https:\/\/elzede.net\/acl\/wp-content\/uploads\/2020\/06\/20200628-EnAvant-300x82.jpg 300w, https:\/\/elzede.net\/acl\/wp-content\/uploads\/2020\/06\/20200628-EnAvant-768x210.jpg 768w, https:\/\/elzede.net\/acl\/wp-content\/uploads\/2020\/06\/20200628-EnAvant.jpg 1435w\" sizes=\"auto, (max-width: 767px) 89vw, (max-width: 1000px) 54vw, (max-width: 1071px) 543px, 580px\" \/><\/figure><\/li><li class=\"blocks-gallery-item\"><figure><img loading=\"lazy\" decoding=\"async\" width=\"1024\" height=\"283\" src=\"https:\/\/elzede.net\/acl\/wp-content\/uploads\/2020\/06\/20200630-Judy-1024x283.jpg\" alt=\"\" data-id=\"296\" data-full-url=\"https:\/\/elzede.net\/acl\/wp-content\/uploads\/2020\/06\/20200630-Judy.jpg\" data-link=\"https:\/\/elzede.net\/acl\/20200630-judy\/\" class=\"wp-image-296\" srcset=\"https:\/\/elzede.net\/acl\/wp-content\/uploads\/2020\/06\/20200630-Judy-1024x283.jpg 1024w, https:\/\/elzede.net\/acl\/wp-content\/uploads\/2020\/06\/20200630-Judy-300x83.jpg 300w, https:\/\/elzede.net\/acl\/wp-content\/uploads\/2020\/06\/20200630-Judy-768x213.jpg 768w, https:\/\/elzede.net\/acl\/wp-content\/uploads\/2020\/06\/20200630-Judy.jpg 1431w\" sizes=\"auto, (max-width: 767px) 89vw, (max-width: 1000px) 54vw, (max-width: 1071px) 543px, 580px\" \/><\/figure><\/li><li class=\"blocks-gallery-item\"><figure><img loading=\"lazy\" decoding=\"async\" width=\"1024\" height=\"289\" src=\"https:\/\/elzede.net\/acl\/wp-content\/uploads\/2020\/06\/20200703-DeGaulle-1024x289.jpg\" alt=\"\" data-id=\"297\" data-full-url=\"https:\/\/elzede.net\/acl\/wp-content\/uploads\/2020\/06\/20200703-DeGaulle.jpg\" data-link=\"https:\/\/elzede.net\/acl\/20200703-degaulle\/\" class=\"wp-image-297\" srcset=\"https:\/\/elzede.net\/acl\/wp-content\/uploads\/2020\/06\/20200703-DeGaulle-1024x289.jpg 1024w, https:\/\/elzede.net\/acl\/wp-content\/uploads\/2020\/06\/20200703-DeGaulle-300x85.jpg 300w, https:\/\/elzede.net\/acl\/wp-content\/uploads\/2020\/06\/20200703-DeGaulle-768x217.jpg 768w, https:\/\/elzede.net\/acl\/wp-content\/uploads\/2020\/06\/20200703-DeGaulle.jpg 1438w\" sizes=\"auto, (max-width: 767px) 89vw, (max-width: 1000px) 54vw, (max-width: 1071px) 543px, 580px\" \/><\/figure><\/li><li class=\"blocks-gallery-item\"><figure><img loading=\"lazy\" decoding=\"async\" width=\"1024\" height=\"276\" src=\"https:\/\/elzede.net\/acl\/wp-content\/uploads\/2020\/06\/20200705-AppelDeLaForet-1024x276.jpg\" alt=\"\" data-id=\"298\" data-full-url=\"https:\/\/elzede.net\/acl\/wp-content\/uploads\/2020\/06\/20200705-AppelDeLaForet.jpg\" data-link=\"https:\/\/elzede.net\/acl\/20200705-appeldelaforet\/\" class=\"wp-image-298\" srcset=\"https:\/\/elzede.net\/acl\/wp-content\/uploads\/2020\/06\/20200705-AppelDeLaForet-1024x276.jpg 1024w, https:\/\/elzede.net\/acl\/wp-content\/uploads\/2020\/06\/20200705-AppelDeLaForet-300x81.jpg 300w, https:\/\/elzede.net\/acl\/wp-content\/uploads\/2020\/06\/20200705-AppelDeLaForet-768x207.jpg 768w, https:\/\/elzede.net\/acl\/wp-content\/uploads\/2020\/06\/20200705-AppelDeLaForet.jpg 1430w\" sizes=\"auto, (max-width: 767px) 89vw, (max-width: 1000px) 54vw, (max-width: 1071px) 543px, 580px\" \/><\/figure><\/li><li class=\"blocks-gallery-item\"><figure><img loading=\"lazy\" decoding=\"async\" width=\"1024\" height=\"357\" src=\"https:\/\/elzede.net\/acl\/wp-content\/uploads\/2020\/06\/20200707-LaCommunion-1024x357.jpg\" alt=\"\" data-id=\"299\" data-full-url=\"https:\/\/elzede.net\/acl\/wp-content\/uploads\/2020\/06\/20200707-LaCommunion.jpg\" data-link=\"https:\/\/elzede.net\/acl\/20200707-lacommunion\/\" class=\"wp-image-299\" srcset=\"https:\/\/elzede.net\/acl\/wp-content\/uploads\/2020\/06\/20200707-LaCommunion-1024x357.jpg 1024w, https:\/\/elzede.net\/acl\/wp-content\/uploads\/2020\/06\/20200707-LaCommunion-300x105.jpg 300w, https:\/\/elzede.net\/acl\/wp-content\/uploads\/2020\/06\/20200707-LaCommunion-768x268.jpg 768w, https:\/\/elzede.net\/acl\/wp-content\/uploads\/2020\/06\/20200707-LaCommunion.jpg 1441w\" sizes=\"auto, (max-width: 767px) 89vw, (max-width: 1000px) 54vw, (max-width: 1071px) 543px, 580px\" \/><\/figure><\/li><\/ul><\/figure>\n","protected":false},"excerpt":{"rendered":"<p>Votre cin\u00e9ma reprend (enfin) ses activit\u00e9s. Vous trouverez ci-dessous le programme des deux semaines \u00e0 venir. Notez qu&rsquo;au 21 juin les consignes Covid 19 applicables \u00e0 votre cin\u00e9ma sont les suivantes :\u2022 44 spectateurs maximum\u2022 Vous pouvez choisir de vous masquer, ou pas.\u2022 Un b\u00e9n\u00e9vole des Amis du Cin\u00e9ma de Lion et le projectionniste seront &hellip; <\/p>\n<p class=\"link-more\"><a href=\"https:\/\/elzede.net\/acl\/les-programmes-du-23-juin-au-7-juillet\/\" class=\"more-link\">Continuer la lecture<span class=\"screen-reader-text\"> de &laquo;&nbsp;Les Programmes du 23 juin au 7 juillet&nbsp;&raquo;<\/span><\/a><\/p>\n","protected":false},"author":1,"featured_media":293,"comment_status":"open","ping_status":"open","sticky":false,"template":"","format":"standard","meta":{"footnotes":""},"categories":[10],"tags":[],"class_list":["post-300","post","type-post","status-publish","format-standard","has-post-thumbnail","hentry","category-en2020"],"_links":{"self":[{"href":"https:\/\/elzede.net\/acl\/wp-json\/wp\/v2\/posts\/300","targetHints":{"allow":["GET"]}}],"collection":[{"href":"https:\/\/elzede.net\/acl\/wp-json\/wp\/v2\/posts"}],"about":[{"href":"https:\/\/elzede.net\/acl\/wp-json\/wp\/v2\/types\/post"}],"author":[{"embeddable":true,"href":"https:\/\/elzede.net\/acl\/wp-json\/wp\/v2\/users\/1"}],"replies":[{"embeddable":true,"href":"https:\/\/elzede.net\/acl\/wp-json\/wp\/v2\/comments?post=300"}],"version-history":[{"count":2,"href":"https:\/\/elzede.net\/acl\/wp-json\/wp\/v2\/posts\/300\/revisions"}],"predecessor-version":[{"id":302,"href":"https:\/\/elzede.net\/acl\/wp-json\/wp\/v2\/posts\/300\/revisions\/302"}],"wp:featuredmedia":[{"embeddable":true,"href":"https:\/\/elzede.net\/acl\/wp-json\/wp\/v2\/media\/293"}],"wp:attachment":[{"href":"https:\/\/elzede.net\/acl\/wp-json\/wp\/v2\/media?parent=300"}],"wp:term":[{"taxonomy":"category","embeddable":true,"href":"https:\/\/elzede.net\/acl\/wp-json\/wp\/v2\/categories?post=300"},{"taxonomy":"post_tag","embeddable":true,"href":"https:\/\/elzede.net\/acl\/wp-json\/wp\/v2\/tags?post=300"}],"curies":[{"name":"wp","href":"https:\/\/api.w.org\/{rel}","templated":true}]}}