{"id":2834,"date":"2024-10-13T15:11:31","date_gmt":"2024-10-13T13:11:31","guid":{"rendered":"https:\/\/elzede.net\/acl\/?p=2834"},"modified":"2026-03-25T08:51:52","modified_gmt":"2026-03-25T07:51:52","slug":"votre-programme-du-15-au-22-octobre","status":"publish","type":"post","link":"https:\/\/elzede.net\/acl\/votre-programme-du-15-au-22-octobre\/","title":{"rendered":"Votre programme du 15 au 22 octobre"},"content":{"rendered":"\n<p><strong>Cette fin de semaine<\/strong> le th\u00e8me du <strong>CLAP 24<\/strong> est consacr\u00e9 aux <strong><em>Plages de Normandie<\/em><\/strong> vues sous un autre angle que les plages du d\u00e9barquement. En effet la Normandie et ses plages ont toujours inspir\u00e9 les cin\u00e9astes<\/p>\n\n\n\n<p>Autre temps fort <strong>mardi 22 octobre <\/strong>une s\u00e9ance propos\u00e9e par <strong>La Compagnie des Cigales<\/strong> dans le cadre de son festival <strong><em>\u00ab\u00a0Le Temps du R\u00eave\u00a0\u00bb<\/em><\/strong><\/p>\n\n\n\n<div class=\"wp-block-columns are-vertically-aligned-center is-layout-flex wp-container-core-columns-is-layout-9d6595d7 wp-block-columns-is-layout-flex\">\n<div class=\"wp-block-column is-vertically-aligned-center is-layout-flow wp-block-column-is-layout-flow\" style=\"flex-basis:33.33%\">\n<p class=\"has-drop-cap\">Mardi 15 octobre<br>20h30<\/p>\n<\/div>\n\n\n\n<div class=\"wp-block-column is-vertically-aligned-center is-layout-flow wp-block-column-is-layout-flow\" style=\"flex-basis:66.66%\">\n<figure class=\"wp-block-image size-full\"><img loading=\"lazy\" decoding=\"async\" width=\"911\" height=\"682\" src=\"https:\/\/elzede.net\/acl\/wp-content\/uploads\/2024\/09\/241015FIGUIERSAUVAGE.jpg\" alt=\"\" class=\"wp-image-2832\" srcset=\"https:\/\/elzede.net\/acl\/wp-content\/uploads\/2024\/09\/241015FIGUIERSAUVAGE.jpg 911w, https:\/\/elzede.net\/acl\/wp-content\/uploads\/2024\/09\/241015FIGUIERSAUVAGE-300x225.jpg 300w, https:\/\/elzede.net\/acl\/wp-content\/uploads\/2024\/09\/241015FIGUIERSAUVAGE-768x575.jpg 768w\" sizes=\"auto, (max-width: 767px) 89vw, (max-width: 1000px) 54vw, (max-width: 1071px) 543px, 580px\" \/><\/figure>\n<\/div>\n<\/div>\n\n\n\n<div class=\"wp-block-columns are-vertically-aligned-center is-layout-flex wp-container-core-columns-is-layout-9d6595d7 wp-block-columns-is-layout-flex\">\n<div class=\"wp-block-column is-vertically-aligned-center is-layout-flow wp-block-column-is-layout-flow\" style=\"flex-basis:33.33%\">\n<p class=\"has-drop-cap\">Vendredi 18 octobre<\/p>\n\n\n\n<p class=\"has-drop-cap\">Samedi 19 octobre<\/p>\n\n\n\n<p class=\"has-drop-cap\">Dimanche 20 octobre<\/p>\n\n\n\n<p><a href=\"https:\/\/elzede.net\/clap-2024\">Pour tout savoir sur ce festival cliquez <\/a><a href=\"https:\/\/elzede.net\/clap-2024\" target=\"_blank\" rel=\"noreferrer noopener\">sur<\/a><a href=\"https:\/\/elzede.net\/clap-2024\"> ce lien ou sur l&rsquo;image<\/a><\/p>\n<\/div>\n\n\n\n<div class=\"wp-block-column is-vertically-aligned-center is-layout-flow wp-block-column-is-layout-flow\" style=\"flex-basis:66.66%\">\n<figure class=\"wp-block-image size-full\"><a href=\"https:\/\/elzede.net\/clap-2024\" target=\"_blank\" rel=\"noreferrer noopener\"><img loading=\"lazy\" decoding=\"async\" width=\"9625\" height=\"12774\" src=\"https:\/\/elzede.net\/acl\/wp-content\/uploads\/2024\/09\/Affiche-CLAP-2024-vDef.jpeg\" alt=\"\" class=\"wp-image-2837\"\/><\/a><\/figure>\n<\/div>\n<\/div>\n\n\n\n<div class=\"wp-block-columns are-vertically-aligned-center is-layout-flex wp-container-core-columns-is-layout-9d6595d7 wp-block-columns-is-layout-flex\">\n<div class=\"wp-block-column is-vertically-aligned-center is-layout-flow wp-block-column-is-layout-flow\" style=\"flex-basis:33.33%\">\n<p class=\"has-drop-cap\">Mardi 22 octobre<br>20h30<\/p>\n<\/div>\n\n\n\n<div class=\"wp-block-column is-vertically-aligned-center is-layout-flow wp-block-column-is-layout-flow\" style=\"flex-basis:66.66%\">\n<figure class=\"wp-block-image size-full\"><img loading=\"lazy\" decoding=\"async\" width=\"898\" height=\"647\" src=\"https:\/\/elzede.net\/acl\/wp-content\/uploads\/2024\/09\/241022CHARLIE.jpg\" alt=\"\" class=\"wp-image-2835\" srcset=\"https:\/\/elzede.net\/acl\/wp-content\/uploads\/2024\/09\/241022CHARLIE.jpg 898w, https:\/\/elzede.net\/acl\/wp-content\/uploads\/2024\/09\/241022CHARLIE-300x216.jpg 300w, https:\/\/elzede.net\/acl\/wp-content\/uploads\/2024\/09\/241022CHARLIE-768x553.jpg 768w\" sizes=\"auto, (max-width: 767px) 89vw, (max-width: 1000px) 54vw, (max-width: 1071px) 543px, 580px\" \/><\/figure>\n<\/div>\n<\/div>\n","protected":false},"excerpt":{"rendered":"<p>Cette fin de semaine le th\u00e8me du CLAP 24 est consacr\u00e9 aux Plages de Normandie vues sous un autre angle que les plages du d\u00e9barquement. En effet la Normandie et ses plages ont toujours inspir\u00e9 les cin\u00e9astes Autre temps fort mardi 22 octobre une s\u00e9ance propos\u00e9e par La Compagnie des Cigales dans le cadre de &hellip; <\/p>\n<p class=\"link-more\"><a href=\"https:\/\/elzede.net\/acl\/votre-programme-du-15-au-22-octobre\/\" class=\"more-link\">Continuer la lecture<span class=\"screen-reader-text\"> de &laquo;&nbsp;Votre programme du 15 au 22 octobre&nbsp;&raquo;<\/span><\/a><\/p>\n","protected":false},"author":1,"featured_media":0,"comment_status":"open","ping_status":"open","sticky":false,"template":"","format":"standard","meta":{"footnotes":""},"categories":[19],"tags":[],"class_list":["post-2834","post","type-post","status-publish","format-standard","hentry","category-19"],"_links":{"self":[{"href":"https:\/\/elzede.net\/acl\/wp-json\/wp\/v2\/posts\/2834","targetHints":{"allow":["GET"]}}],"collection":[{"href":"https:\/\/elzede.net\/acl\/wp-json\/wp\/v2\/posts"}],"about":[{"href":"https:\/\/elzede.net\/acl\/wp-json\/wp\/v2\/types\/post"}],"author":[{"embeddable":true,"href":"https:\/\/elzede.net\/acl\/wp-json\/wp\/v2\/users\/1"}],"replies":[{"embeddable":true,"href":"https:\/\/elzede.net\/acl\/wp-json\/wp\/v2\/comments?post=2834"}],"version-history":[{"count":2,"href":"https:\/\/elzede.net\/acl\/wp-json\/wp\/v2\/posts\/2834\/revisions"}],"predecessor-version":[{"id":2850,"href":"https:\/\/elzede.net\/acl\/wp-json\/wp\/v2\/posts\/2834\/revisions\/2850"}],"wp:attachment":[{"href":"https:\/\/elzede.net\/acl\/wp-json\/wp\/v2\/media?parent=2834"}],"wp:term":[{"taxonomy":"category","embeddable":true,"href":"https:\/\/elzede.net\/acl\/wp-json\/wp\/v2\/categories?post=2834"},{"taxonomy":"post_tag","embeddable":true,"href":"https:\/\/elzede.net\/acl\/wp-json\/wp\/v2\/tags?post=2834"}],"curies":[{"name":"wp","href":"https:\/\/api.w.org\/{rel}","templated":true}]}}