{"id":2822,"date":"2024-09-29T14:55:11","date_gmt":"2024-09-29T12:55:11","guid":{"rendered":"https:\/\/elzede.net\/acl\/?p=2822"},"modified":"2026-03-25T08:51:52","modified_gmt":"2026-03-25T07:51:52","slug":"votre-programme-du-1er-au-8-octobre","status":"publish","type":"post","link":"https:\/\/elzede.net\/acl\/votre-programme-du-1er-au-8-octobre\/","title":{"rendered":"Votre programme du 1er au 8 octobre"},"content":{"rendered":"\n<p>Deux \u00e9v\u00e9nements cette semaine :<br>&#8211; <strong> Jeudi 3 octobre apr\u00e8s mid<\/strong>i une s\u00e9ance propos\u00e9e octobre par le <strong><em>CCAS LION sur Mer<\/em><\/strong> et le <strong><em>CLIC de Douvres la D\u00e9livrande<\/em><\/strong> pour rassembler les g\u00e9n\u00e9rations<br>&#8211;  <strong>Vendredi 4 octobre \u00e0 20h30<\/strong> une s\u00e9ance propos\u00e9e par <strong><em>Bonne Arriv\u00e9e<\/em><\/strong> dans le cadre du Festival consacr\u00e9 \u00e0 <strong><em>SOS M\u00e9diterran\u00e9e<\/em><\/strong><\/p>\n\n\n\n<div class=\"wp-block-columns are-vertically-aligned-center is-layout-flex wp-container-core-columns-is-layout-9d6595d7 wp-block-columns-is-layout-flex\">\n<div class=\"wp-block-column is-vertically-aligned-center is-layout-flow wp-block-column-is-layout-flow\" style=\"flex-basis:33.33%\">\n<p class=\"has-drop-cap\">Mardi 1er octobre<br>20h30<\/p>\n<\/div>\n\n\n\n<div class=\"wp-block-column is-vertically-aligned-center is-layout-flow wp-block-column-is-layout-flow\" style=\"flex-basis:66.66%\">\n<figure class=\"wp-block-image size-full\"><img loading=\"lazy\" decoding=\"async\" width=\"956\" height=\"483\" src=\"https:\/\/elzede.net\/acl\/wp-content\/uploads\/2024\/09\/241001SEPTEMBRE.jpg\" alt=\"\" class=\"wp-image-2820\" srcset=\"https:\/\/elzede.net\/acl\/wp-content\/uploads\/2024\/09\/241001SEPTEMBRE.jpg 956w, https:\/\/elzede.net\/acl\/wp-content\/uploads\/2024\/09\/241001SEPTEMBRE-300x152.jpg 300w, https:\/\/elzede.net\/acl\/wp-content\/uploads\/2024\/09\/241001SEPTEMBRE-768x388.jpg 768w\" sizes=\"auto, (max-width: 767px) 89vw, (max-width: 1000px) 54vw, (max-width: 1071px) 543px, 580px\" \/><\/figure>\n<\/div>\n<\/div>\n\n\n\n<div class=\"wp-block-columns are-vertically-aligned-center is-layout-flex wp-container-core-columns-is-layout-9d6595d7 wp-block-columns-is-layout-flex\">\n<div class=\"wp-block-column is-vertically-aligned-center is-layout-flow wp-block-column-is-layout-flow\" style=\"flex-basis:33.33%\">\n<p class=\"has-drop-cap\">Jeudi 3 octobre<br>14h30<\/p>\n<\/div>\n\n\n\n<div class=\"wp-block-column is-vertically-aligned-center is-layout-flow wp-block-column-is-layout-flow\" style=\"flex-basis:66.66%\">\n<figure class=\"wp-block-image size-full\"><img loading=\"lazy\" decoding=\"async\" width=\"932\" height=\"418\" src=\"https:\/\/elzede.net\/acl\/wp-content\/uploads\/2024\/09\/241003LEVIEUX.jpg\" alt=\"\" class=\"wp-image-2823\" srcset=\"https:\/\/elzede.net\/acl\/wp-content\/uploads\/2024\/09\/241003LEVIEUX.jpg 932w, https:\/\/elzede.net\/acl\/wp-content\/uploads\/2024\/09\/241003LEVIEUX-300x135.jpg 300w, https:\/\/elzede.net\/acl\/wp-content\/uploads\/2024\/09\/241003LEVIEUX-768x344.jpg 768w\" sizes=\"auto, (max-width: 767px) 89vw, (max-width: 1000px) 54vw, (max-width: 1071px) 543px, 580px\" \/><\/figure>\n<\/div>\n<\/div>\n\n\n\n<div class=\"wp-block-columns are-vertically-aligned-center is-layout-flex wp-container-core-columns-is-layout-9d6595d7 wp-block-columns-is-layout-flex\">\n<div class=\"wp-block-column is-vertically-aligned-center is-layout-flow wp-block-column-is-layout-flow\" style=\"flex-basis:33.33%\">\n<p class=\"has-drop-cap\">Vendredi 4 octobre<br>20h30<\/p>\n<\/div>\n\n\n\n<div class=\"wp-block-column is-vertically-aligned-center is-layout-flow wp-block-column-is-layout-flow\" style=\"flex-basis:66.66%\">\n<p><\/p>\n\n\n\n<figure class=\"wp-block-image size-full\"><img loading=\"lazy\" decoding=\"async\" width=\"938\" height=\"449\" src=\"https:\/\/elzede.net\/acl\/wp-content\/uploads\/2024\/09\/241004MOICAP.jpg\" alt=\"\" class=\"wp-image-2824\" srcset=\"https:\/\/elzede.net\/acl\/wp-content\/uploads\/2024\/09\/241004MOICAP.jpg 938w, https:\/\/elzede.net\/acl\/wp-content\/uploads\/2024\/09\/241004MOICAP-300x144.jpg 300w, https:\/\/elzede.net\/acl\/wp-content\/uploads\/2024\/09\/241004MOICAP-768x368.jpg 768w\" sizes=\"auto, (max-width: 767px) 89vw, (max-width: 1000px) 54vw, (max-width: 1071px) 543px, 580px\" \/><\/figure>\n<\/div>\n<\/div>\n\n\n\n<div class=\"wp-block-columns are-vertically-aligned-center is-layout-flex wp-container-core-columns-is-layout-9d6595d7 wp-block-columns-is-layout-flex\">\n<div class=\"wp-block-column is-vertically-aligned-center is-layout-flow wp-block-column-is-layout-flow\" style=\"flex-basis:33.33%\">\n<p class=\"has-drop-cap\">Dimanche 6 octobre<br>17h<\/p>\n<\/div>\n\n\n\n<div class=\"wp-block-column is-vertically-aligned-center is-layout-flow wp-block-column-is-layout-flow\" style=\"flex-basis:66.66%\">\n<figure class=\"wp-block-image size-full\"><img loading=\"lazy\" decoding=\"async\" width=\"937\" height=\"379\" src=\"https:\/\/elzede.net\/acl\/wp-content\/uploads\/2024\/09\/241006ANCIENNE.jpg\" alt=\"\" class=\"wp-image-2825\" srcset=\"https:\/\/elzede.net\/acl\/wp-content\/uploads\/2024\/09\/241006ANCIENNE.jpg 937w, https:\/\/elzede.net\/acl\/wp-content\/uploads\/2024\/09\/241006ANCIENNE-300x121.jpg 300w, https:\/\/elzede.net\/acl\/wp-content\/uploads\/2024\/09\/241006ANCIENNE-768x311.jpg 768w\" sizes=\"auto, (max-width: 767px) 89vw, (max-width: 1000px) 54vw, (max-width: 1071px) 543px, 580px\" \/><\/figure>\n<\/div>\n<\/div>\n\n\n\n<div class=\"wp-block-columns are-vertically-aligned-center is-layout-flex wp-container-core-columns-is-layout-9d6595d7 wp-block-columns-is-layout-flex\">\n<div class=\"wp-block-column is-vertically-aligned-center is-layout-flow wp-block-column-is-layout-flow\" style=\"flex-basis:33.33%\">\n<p class=\"has-drop-cap\">Mardi 8 octobre<br>14h30 (avec les ATL)<\/p>\n<\/div>\n\n\n\n<div class=\"wp-block-column is-vertically-aligned-center is-layout-flow wp-block-column-is-layout-flow\" style=\"flex-basis:66.66%\">\n<figure class=\"wp-block-image size-full\"><img loading=\"lazy\" decoding=\"async\" width=\"935\" height=\"388\" src=\"https:\/\/elzede.net\/acl\/wp-content\/uploads\/2024\/09\/241008LEFIL.jpg\" alt=\"\" class=\"wp-image-2826\" srcset=\"https:\/\/elzede.net\/acl\/wp-content\/uploads\/2024\/09\/241008LEFIL.jpg 935w, https:\/\/elzede.net\/acl\/wp-content\/uploads\/2024\/09\/241008LEFIL-300x124.jpg 300w, https:\/\/elzede.net\/acl\/wp-content\/uploads\/2024\/09\/241008LEFIL-768x319.jpg 768w\" sizes=\"auto, (max-width: 767px) 89vw, (max-width: 1000px) 54vw, (max-width: 1071px) 543px, 580px\" \/><\/figure>\n<\/div>\n<\/div>\n\n\n\n<div class=\"wp-block-columns are-vertically-aligned-center is-layout-flex wp-container-core-columns-is-layout-9d6595d7 wp-block-columns-is-layout-flex\">\n<div class=\"wp-block-column is-vertically-aligned-center is-layout-flow wp-block-column-is-layout-flow\" style=\"flex-basis:33.33%\">\n<p class=\"has-drop-cap\">Mardi 8 octobre<br>20h30<\/p>\n<\/div>\n\n\n\n<div class=\"wp-block-column is-vertically-aligned-center is-layout-flow wp-block-column-is-layout-flow\" style=\"flex-basis:66.66%\">\n<figure class=\"wp-block-image size-full\"><img loading=\"lazy\" decoding=\"async\" width=\"933\" height=\"402\" src=\"https:\/\/elzede.net\/acl\/wp-content\/uploads\/2024\/09\/241008SONIAGE.jpg\" alt=\"\" class=\"wp-image-2827\" srcset=\"https:\/\/elzede.net\/acl\/wp-content\/uploads\/2024\/09\/241008SONIAGE.jpg 933w, https:\/\/elzede.net\/acl\/wp-content\/uploads\/2024\/09\/241008SONIAGE-300x129.jpg 300w, https:\/\/elzede.net\/acl\/wp-content\/uploads\/2024\/09\/241008SONIAGE-768x331.jpg 768w\" sizes=\"auto, (max-width: 767px) 89vw, (max-width: 1000px) 54vw, (max-width: 1071px) 543px, 580px\" \/><\/figure>\n<\/div>\n<\/div>\n","protected":false},"excerpt":{"rendered":"<p>Deux \u00e9v\u00e9nements cette semaine :&#8211; Jeudi 3 octobre apr\u00e8s midi une s\u00e9ance propos\u00e9e octobre par le CCAS LION sur Mer et le CLIC de Douvres la D\u00e9livrande pour rassembler les g\u00e9n\u00e9rations&#8211; Vendredi 4 octobre \u00e0 20h30 une s\u00e9ance propos\u00e9e par Bonne Arriv\u00e9e dans le cadre du Festival consacr\u00e9 \u00e0 SOS M\u00e9diterran\u00e9e Mardi 1er octobre20h30 Jeudi &hellip; <\/p>\n<p class=\"link-more\"><a href=\"https:\/\/elzede.net\/acl\/votre-programme-du-1er-au-8-octobre\/\" class=\"more-link\">Continuer la lecture<span class=\"screen-reader-text\"> de &laquo;&nbsp;Votre programme du 1er au 8 octobre&nbsp;&raquo;<\/span><\/a><\/p>\n","protected":false},"author":1,"featured_media":0,"comment_status":"open","ping_status":"open","sticky":false,"template":"","format":"standard","meta":{"footnotes":""},"categories":[19,12],"tags":[],"class_list":["post-2822","post","type-post","status-publish","format-standard","hentry","category-19","category-cine-debat"],"_links":{"self":[{"href":"https:\/\/elzede.net\/acl\/wp-json\/wp\/v2\/posts\/2822","targetHints":{"allow":["GET"]}}],"collection":[{"href":"https:\/\/elzede.net\/acl\/wp-json\/wp\/v2\/posts"}],"about":[{"href":"https:\/\/elzede.net\/acl\/wp-json\/wp\/v2\/types\/post"}],"author":[{"embeddable":true,"href":"https:\/\/elzede.net\/acl\/wp-json\/wp\/v2\/users\/1"}],"replies":[{"embeddable":true,"href":"https:\/\/elzede.net\/acl\/wp-json\/wp\/v2\/comments?post=2822"}],"version-history":[{"count":1,"href":"https:\/\/elzede.net\/acl\/wp-json\/wp\/v2\/posts\/2822\/revisions"}],"predecessor-version":[{"id":2828,"href":"https:\/\/elzede.net\/acl\/wp-json\/wp\/v2\/posts\/2822\/revisions\/2828"}],"wp:attachment":[{"href":"https:\/\/elzede.net\/acl\/wp-json\/wp\/v2\/media?parent=2822"}],"wp:term":[{"taxonomy":"category","embeddable":true,"href":"https:\/\/elzede.net\/acl\/wp-json\/wp\/v2\/categories?post=2822"},{"taxonomy":"post_tag","embeddable":true,"href":"https:\/\/elzede.net\/acl\/wp-json\/wp\/v2\/tags?post=2822"}],"curies":[{"name":"wp","href":"https:\/\/api.w.org\/{rel}","templated":true}]}}