{"id":2645,"date":"2024-05-26T10:03:12","date_gmt":"2024-05-26T08:03:12","guid":{"rendered":"https:\/\/elzede.net\/acl\/?p=2645"},"modified":"2024-06-10T14:05:14","modified_gmt":"2024-06-10T12:05:14","slug":"240615mauger","status":"publish","type":"post","link":"https:\/\/elzede.net\/acl\/240615mauger\/","title":{"rendered":"Un Samedi&rsquo;ff\u00e9rent pour Faire un Monde avec R\u00e9mi MAUGER"},"content":{"rendered":"\n<h2 class=\"wp-block-heading has-text-align-center\">Projection-rencontre le 15 juin \u00e0 20h30<\/h2>\n\n\n\n<p>Les Amis du Cin\u00e9ma de Lion et Lion-Environnement vous invitent \u00e0 venir \u00e9changer avec R\u00e9mi MAUGER le r\u00e9alisateur du film \u00ab\u00a0Pour faire un monde\u00a0\u00bb \u00e0 l&rsquo;occasion de la projection de ce film.<\/p>\n\n\n\n<p><br>C\u2019est la chronique d\u2019un retour. Un retour au village. Un village qui fut une terre de promesses. March\u00e9sieux dans la Manche, Marchuus pour les intimes, avait pens\u00e9 \u00e0 tout. La pr\u00e9servation de l\u2019environnement, le maintien des petites fermes agricoles, l\u2019autonomie \u00e9nerg\u00e9tique, l\u2019\u00e9ducation populaire, les loisirs\u2026<br>Le temps a pass\u00e9. Tout passe. O\u00f9 en sont-ils aujourd\u2019hui ? Comment \u00e7a marche \u00e0 March\u00e9sieux?<\/p>\n","protected":false},"excerpt":{"rendered":"<p>Projection-rencontre le 15 juin \u00e0 20h30 Les Amis du Cin\u00e9ma de Lion et Lion-Environnement vous invitent \u00e0 venir \u00e9changer avec R\u00e9mi MAUGER le r\u00e9alisateur du film \u00ab\u00a0Pour faire un monde\u00a0\u00bb \u00e0 l&rsquo;occasion de la projection de ce film. C\u2019est la chronique d\u2019un retour. Un retour au village. Un village qui fut une terre de promesses. &hellip; <\/p>\n<p class=\"link-more\"><a href=\"https:\/\/elzede.net\/acl\/240615mauger\/\" class=\"more-link\">Continuer la lecture<span class=\"screen-reader-text\"> de &laquo;&nbsp;Un Samedi&rsquo;ff\u00e9rent pour Faire un Monde avec R\u00e9mi MAUGER&nbsp;&raquo;<\/span><\/a><\/p>\n","protected":false},"author":1,"featured_media":2646,"comment_status":"open","ping_status":"open","sticky":false,"template":"","format":"standard","meta":{"footnotes":""},"categories":[19,11,12],"tags":[],"class_list":["post-2645","post","type-post","status-publish","format-standard","has-post-thumbnail","hentry","category-19","category-actualite","category-cine-debat"],"_links":{"self":[{"href":"https:\/\/elzede.net\/acl\/wp-json\/wp\/v2\/posts\/2645","targetHints":{"allow":["GET"]}}],"collection":[{"href":"https:\/\/elzede.net\/acl\/wp-json\/wp\/v2\/posts"}],"about":[{"href":"https:\/\/elzede.net\/acl\/wp-json\/wp\/v2\/types\/post"}],"author":[{"embeddable":true,"href":"https:\/\/elzede.net\/acl\/wp-json\/wp\/v2\/users\/1"}],"replies":[{"embeddable":true,"href":"https:\/\/elzede.net\/acl\/wp-json\/wp\/v2\/comments?post=2645"}],"version-history":[{"count":2,"href":"https:\/\/elzede.net\/acl\/wp-json\/wp\/v2\/posts\/2645\/revisions"}],"predecessor-version":[{"id":2693,"href":"https:\/\/elzede.net\/acl\/wp-json\/wp\/v2\/posts\/2645\/revisions\/2693"}],"wp:featuredmedia":[{"embeddable":true,"href":"https:\/\/elzede.net\/acl\/wp-json\/wp\/v2\/media\/2646"}],"wp:attachment":[{"href":"https:\/\/elzede.net\/acl\/wp-json\/wp\/v2\/media?parent=2645"}],"wp:term":[{"taxonomy":"category","embeddable":true,"href":"https:\/\/elzede.net\/acl\/wp-json\/wp\/v2\/categories?post=2645"},{"taxonomy":"post_tag","embeddable":true,"href":"https:\/\/elzede.net\/acl\/wp-json\/wp\/v2\/tags?post=2645"}],"curies":[{"name":"wp","href":"https:\/\/api.w.org\/{rel}","templated":true}]}}