{"id":2408,"date":"2024-02-19T11:39:25","date_gmt":"2024-02-19T10:39:25","guid":{"rendered":"https:\/\/elzede.net\/acl\/?p=2408"},"modified":"2024-03-12T16:21:41","modified_gmt":"2024-03-12T15:21:41","slug":"fdc24pgm","status":"publish","type":"post","link":"https:\/\/elzede.net\/acl\/fdc24pgm\/","title":{"rendered":"Le programme 2024 de la F\u00eate du Court"},"content":{"rendered":"\n<p id=\"FC24Top\">Ce programme est divis\u00e9 en deux projections entrecoup\u00e9es d&rsquo;une pause rafraichissante<br>Samedi 23 mars &#8211; 17h30 &#8211; La premi\u00e8re partie dure 1h31mn<a href=\"#FC24First\"> (Voir le contenu)<\/a><br>Samedi 23 mars &#8211; 20h00 &#8211; La seconde partie dure 1h41 <a href=\"#FC24Second\">(Voir le contenu)<\/a><\/p>\n\n\n\n<hr class=\"wp-block-separator has-alpha-channel-opacity is-style-wide\"\/>\n\n\n\n<h2 class=\"wp-block-heading has-text-align-center\"><strong>Le premier Gravelot d&rsquo;or sera d\u00e9cern\u00e9 \u00e0 &#8230;<\/strong><\/h2>\n\n\n\n<p>Les Amis du Cin\u00e9ma de Lion vous proposent d&rsquo;\u00eatre le jury de notre s\u00e9lection de court-m\u00e9trages. Votre mission consiste \u00e0 classer sur le bulletin, remis \u00e0 l&rsquo;entr\u00e9e, vos trois films pr\u00e9f\u00e9r\u00e9s.<br>A l&rsquo;issue de la deuxi\u00e8me projection, le court-m\u00e9trage ayant obtenu le plus de suffrages se verra d\u00e9cerner, gr\u00e2ce \u00e0 vous, le 1er Gravelot d&rsquo;Or (exclusivit\u00e9 des Amis du Cin\u00e9ma de Lion)<br><br><em>Alors apportez votre crayon et votez.<\/em><\/p>\n\n\n\n<p><strong>Juste une chose encore , les projections sont GRATUITES<\/strong><\/p>\n\n\n\n<hr class=\"wp-block-separator has-text-color has-vivid-cyan-blue-color has-alpha-channel-opacity has-vivid-cyan-blue-background-color has-background is-style-wide\"\/>\n\n\n\n<h2 class=\"wp-block-heading has-text-align-center\" id=\"FC24First\"><strong>En haut de l&rsquo;affiche<\/strong><\/h2>\n\n\n\n<div class=\"wp-block-media-text is-stacked-on-mobile\" style=\"grid-template-columns:37% auto\"><figure class=\"wp-block-media-text__media\"><img loading=\"lazy\" decoding=\"async\" width=\"200\" height=\"200\" src=\"https:\/\/elzede.net\/acl\/wp-content\/uploads\/2024\/02\/image.jpeg\" alt=\"\" class=\"wp-image-2409 size-full\" srcset=\"https:\/\/elzede.net\/acl\/wp-content\/uploads\/2024\/02\/image.jpeg 200w, https:\/\/elzede.net\/acl\/wp-content\/uploads\/2024\/02\/image-150x150.jpeg 150w, https:\/\/elzede.net\/acl\/wp-content\/uploads\/2024\/02\/image-100x100.jpeg 100w\" sizes=\"auto, (max-width: 200px) 100vw, 200px\" \/><\/figure><div class=\"wp-block-media-text__content\">\n<h3 class=\"wp-block-heading\"><strong>BR\u00dbLE<\/strong><\/h3>\n\n\n\n<p>2021 \/03mn \/ France<br><strong>R\u00e9alisation<\/strong> : Nicolas Merle<br><strong>Acteurs:<\/strong>&nbsp;C\u00e9cile Dominjon, Nicolas Merle<br><em><strong>Un matin tr\u00e8s ordinaire dans la vie d\u2019un citadin occidental. Un rituel de petits gestes anodins. \u00c0 moins que\u2026<\/strong><\/em><\/p>\n<\/div><\/div>\n\n\n\n<div class=\"wp-block-media-text has-media-on-the-right is-stacked-on-mobile\" style=\"grid-template-columns:auto 37%\"><div class=\"wp-block-media-text__content\">\n<p><strong>HYPERSTITION<br><\/strong>2021&nbsp;\/06mn\/France<br><strong>R\u00e9alisation:<\/strong>&nbsp;St\u00e9phane Chis, Maxime Chuchana<br><strong>Acteurs<\/strong> Myriam Bourguignon, J\u00e9r\u00e9my Charbonnel, Ana Girardot, Swan Pham<br><em><strong>Deux superstitieux, deux vies parall\u00e8les et une journ\u00e9e \u00e9trange o\u00f9 les petits jeux de chacun ont le pouvoir de changer le destin. Et s\u2019ils suffisaient de marcher sur les carreaux sans toucher les lignes pour que nos v\u0153ux se r\u00e9alisent ?&nbsp;<\/strong><\/em><\/p>\n<\/div><figure class=\"wp-block-media-text__media\"><img loading=\"lazy\" decoding=\"async\" width=\"200\" height=\"200\" src=\"https:\/\/elzede.net\/acl\/wp-content\/uploads\/2024\/02\/image.png\" alt=\"\" class=\"wp-image-2410 size-full\" srcset=\"https:\/\/elzede.net\/acl\/wp-content\/uploads\/2024\/02\/image.png 200w, https:\/\/elzede.net\/acl\/wp-content\/uploads\/2024\/02\/image-150x150.png 150w, https:\/\/elzede.net\/acl\/wp-content\/uploads\/2024\/02\/image-100x100.png 100w\" sizes=\"auto, (max-width: 200px) 100vw, 200px\" \/><\/figure><\/div>\n\n\n\n<div class=\"wp-block-media-text is-stacked-on-mobile\" style=\"grid-template-columns:37% auto\"><figure class=\"wp-block-media-text__media\"><img loading=\"lazy\" decoding=\"async\" width=\"200\" height=\"200\" src=\"https:\/\/elzede.net\/acl\/wp-content\/uploads\/2024\/02\/image-1.png\" alt=\"\" class=\"wp-image-2411 size-full\" srcset=\"https:\/\/elzede.net\/acl\/wp-content\/uploads\/2024\/02\/image-1.png 200w, https:\/\/elzede.net\/acl\/wp-content\/uploads\/2024\/02\/image-1-150x150.png 150w, https:\/\/elzede.net\/acl\/wp-content\/uploads\/2024\/02\/image-1-100x100.png 100w\" sizes=\"auto, (max-width: 200px) 100vw, 200px\" \/><\/figure><div class=\"wp-block-media-text__content\">\n<p><strong>NAISSANCE D&rsquo;UNE \u00c9TOILE<\/strong><br>2017 \/ 18mn \/ France<br><strong>R\u00e9alisation:<\/strong>&nbsp;James Bort<br><strong>Acteurs:<\/strong>&nbsp;Doroth\u00e9e Gilbert, Catherine Deneuve, Antonia Desplat, Pierre Deladonchamps<br><strong><em>Emma est sur le point d\u2019\u00eatre nomm\u00e9e \u00ab Danseuse \u00c9toile \u00bb \u00e0 l\u2019Op\u00e9ra de Paris. La jeune femme, pourtant, semble soucieuse. Car si le succ\u00e8s l\u2019attend d\u00e9sormais, un autre \u00e9v\u00e9nement pourrait bien remettre en cause son r\u00eave de toujours&#8230;<\/em><\/strong><\/p>\n<\/div><\/div>\n\n\n\n<div class=\"wp-block-media-text has-media-on-the-right is-stacked-on-mobile\" style=\"grid-template-columns:auto 37%\"><div class=\"wp-block-media-text__content\">\n<h3 class=\"wp-block-heading\"><strong>FIERROT LE POU<\/strong><br>1990\/08mn\/France <br><strong>R\u00e9alisation<\/strong>: Mathieu Kassovitz<br><strong>Acteurs:<\/strong>&nbsp;Alain Bienna Labinski, Mathieu Kassovitz, Solange Labonne<br><em><strong>Tous les samedis, Solange et un jeune Parisien maladroit vont s&rsquo;entra\u00eener au basket dans le m\u00eame gymnase.<\/strong><\/em><\/h3>\n<\/div><figure class=\"wp-block-media-text__media\"><img loading=\"lazy\" decoding=\"async\" width=\"200\" height=\"200\" src=\"https:\/\/elzede.net\/acl\/wp-content\/uploads\/2024\/02\/image-2.png\" alt=\"\" class=\"wp-image-2412 size-full\" srcset=\"https:\/\/elzede.net\/acl\/wp-content\/uploads\/2024\/02\/image-2.png 200w, https:\/\/elzede.net\/acl\/wp-content\/uploads\/2024\/02\/image-2-150x150.png 150w, https:\/\/elzede.net\/acl\/wp-content\/uploads\/2024\/02\/image-2-100x100.png 100w\" sizes=\"auto, (max-width: 200px) 100vw, 200px\" \/><\/figure><\/div>\n\n\n\n<div class=\"wp-block-media-text is-stacked-on-mobile\" style=\"grid-template-columns:37% auto\"><figure class=\"wp-block-media-text__media\"><img loading=\"lazy\" decoding=\"async\" width=\"200\" height=\"200\" src=\"https:\/\/elzede.net\/acl\/wp-content\/uploads\/2024\/02\/image-4.png\" alt=\"\" class=\"wp-image-2414 size-full\" srcset=\"https:\/\/elzede.net\/acl\/wp-content\/uploads\/2024\/02\/image-4.png 200w, https:\/\/elzede.net\/acl\/wp-content\/uploads\/2024\/02\/image-4-150x150.png 150w, https:\/\/elzede.net\/acl\/wp-content\/uploads\/2024\/02\/image-4-100x100.png 100w\" sizes=\"auto, (max-width: 200px) 100vw, 200px\" \/><\/figure><div class=\"wp-block-media-text__content\">\n<h3 class=\"wp-block-heading\"><strong>GUILLAUME \u00c0 LA D\u00c9RIVE<\/strong><br>2016\/19mn\/France<br><strong>R\u00e9alisation<\/strong> : Sylvain Dieuaide<br><strong>Acteurs:<\/strong>&nbsp;Anne Alvaro, Marc Arnaud, Bastien Bouillon, Judith Chemla<br><strong><em>Le jour de son licenciement, Guillaume fait la connaissance de Tom, son rempla\u00e7ant..<\/em>.<\/strong><\/h3>\n<\/div><\/div>\n\n\n\n<div class=\"wp-block-media-text has-media-on-the-right is-stacked-on-mobile\" style=\"grid-template-columns:auto 37%\"><div class=\"wp-block-media-text__content\">\n<h3 class=\"wp-block-heading\"><strong>HORIZON R\u00c9USSITE<\/strong><br>2022&nbsp;\/ 13 minutes \/ France<br><strong>R\u00e9alisation:<\/strong>&nbsp;Th\u00e9ophile Gibaud<br><strong>Acteurs<\/strong>Vincent Dedienne, Marina Rollman, Anne Girouard, Jean-Christophe Bouvet<br><em><strong>Peter a quarante ans et n\u2019a jamais travaill\u00e9 de sa vie. Pour qu\u2019il se trouve un emploi, sa m\u00e8re le conduit un matin de force dans la banque o\u00f9 son d\u00e9funt p\u00e8re a fait sa carri\u00e8re. Il ne va falloir \u00e0 Peter que quelques heures pour prendre la place du directeur.&nbsp;<\/strong><\/em><\/h3>\n<\/div><figure class=\"wp-block-media-text__media\"><img loading=\"lazy\" decoding=\"async\" width=\"200\" height=\"200\" src=\"https:\/\/elzede.net\/acl\/wp-content\/uploads\/2024\/02\/image-6.png\" alt=\"\" class=\"wp-image-2416 size-full\" srcset=\"https:\/\/elzede.net\/acl\/wp-content\/uploads\/2024\/02\/image-6.png 200w, https:\/\/elzede.net\/acl\/wp-content\/uploads\/2024\/02\/image-6-150x150.png 150w, https:\/\/elzede.net\/acl\/wp-content\/uploads\/2024\/02\/image-6-100x100.png 100w\" sizes=\"auto, (max-width: 200px) 100vw, 200px\" \/><\/figure><\/div>\n\n\n\n<div class=\"wp-block-media-text is-stacked-on-mobile\" style=\"grid-template-columns:37% auto\"><figure class=\"wp-block-media-text__media\"><img loading=\"lazy\" decoding=\"async\" width=\"200\" height=\"200\" src=\"https:\/\/elzede.net\/acl\/wp-content\/uploads\/2024\/02\/image-5.png\" alt=\"\" class=\"wp-image-2415 size-full\" srcset=\"https:\/\/elzede.net\/acl\/wp-content\/uploads\/2024\/02\/image-5.png 200w, https:\/\/elzede.net\/acl\/wp-content\/uploads\/2024\/02\/image-5-150x150.png 150w, https:\/\/elzede.net\/acl\/wp-content\/uploads\/2024\/02\/image-5-100x100.png 100w\" sizes=\"auto, (max-width: 200px) 100vw, 200px\" \/><\/figure><div class=\"wp-block-media-text__content\">\n<h3 class=\"wp-block-heading\"><strong>FREE FLOW<\/strong><br>2020 \/ 25mn \/ France<br><strong>R\u00e9alisation:<\/strong>&nbsp;S\u00e2m Mirhosseini<br><strong>Acteurs:<\/strong>&nbsp;S\u00e2m Mirhosseini, Attila Mirhosseini, Swann Arlaud<br><em> <strong>Zak travaille comme scaphandrier dans le port de Dunkerque. Iranien, il est arriv\u00e9 en France il y a une dizaine d&rsquo;ann\u00e9es. Il a obtenu la nationalit\u00e9 f&#8230;<\/strong><\/em><\/h3>\n<\/div><\/div>\n\n\n\n<div class=\"wp-block-buttons is-content-justification-right is-layout-flex wp-container-core-buttons-is-layout-765c4724 wp-block-buttons-is-layout-flex\">\n<div class=\"wp-block-button is-style-outline is-style-outline--1\"><a class=\"wp-block-button__link has-vivid-cyan-blue-color has-text-color has-link-color wp-element-button\" href=\"#FC24Top\" rel=\"\">retour en haut<\/a><\/div>\n<\/div>\n\n\n\n<hr class=\"wp-block-separator has-text-color has-vivid-cyan-blue-color has-alpha-channel-opacity has-vivid-cyan-blue-background-color has-background is-style-wide\"\/>\n\n\n\n<h2 class=\"wp-block-heading has-text-align-center\" id=\"FC24Second\"><strong>La jeune cr\u00e9ation africaine <\/strong><\/h2>\n\n\n\n<div class=\"wp-block-media-text has-media-on-the-right is-stacked-on-mobile\" style=\"grid-template-columns:auto 37%\"><div class=\"wp-block-media-text__content\">\n<h3 class=\"wp-block-heading\"><strong>L&rsquo;IMMORAL<\/strong><br>2021 \/ 04mn \/ France<br><strong>R\u00e9alisation:<\/strong>&nbsp;Ekin Koca<br><strong>Acteurs:<\/strong>&nbsp;Lola Degove, Edern Van Hille, Annick Duroy, Herv\u00e9 Petit de la Villeon<br><em> <\/em><strong><em>Un homme s&rsquo;\u00e9croule dans un restaurant. Tous les clients sont sous le choc, sauf un.<\/em><\/strong><\/h3>\n<\/div><figure class=\"wp-block-media-text__media\"><img loading=\"lazy\" decoding=\"async\" width=\"200\" height=\"200\" src=\"https:\/\/elzede.net\/acl\/wp-content\/uploads\/2024\/02\/image-1.jpeg\" alt=\"\" class=\"wp-image-2423 size-full\" srcset=\"https:\/\/elzede.net\/acl\/wp-content\/uploads\/2024\/02\/image-1.jpeg 200w, https:\/\/elzede.net\/acl\/wp-content\/uploads\/2024\/02\/image-1-150x150.jpeg 150w, https:\/\/elzede.net\/acl\/wp-content\/uploads\/2024\/02\/image-1-100x100.jpeg 100w\" sizes=\"auto, (max-width: 200px) 100vw, 200px\" \/><\/figure><\/div>\n\n\n\n<div class=\"wp-block-media-text is-stacked-on-mobile\" style=\"grid-template-columns:37% auto\"><figure class=\"wp-block-media-text__media\"><img loading=\"lazy\" decoding=\"async\" width=\"200\" height=\"200\" src=\"https:\/\/elzede.net\/acl\/wp-content\/uploads\/2024\/02\/image-7.png\" alt=\"\" class=\"wp-image-2426 size-full\" srcset=\"https:\/\/elzede.net\/acl\/wp-content\/uploads\/2024\/02\/image-7.png 200w, https:\/\/elzede.net\/acl\/wp-content\/uploads\/2024\/02\/image-7-150x150.png 150w, https:\/\/elzede.net\/acl\/wp-content\/uploads\/2024\/02\/image-7-100x100.png 100w\" sizes=\"auto, (max-width: 200px) 100vw, 200px\" \/><\/figure><div class=\"wp-block-media-text__content\">\n<h3 class=\"wp-block-heading\"><strong>CHITANA<\/strong><br>2021 \/ 20mn \/ Tunisie, Qatar, Norv\u00e8ge<br><strong>R\u00e9alisation:<\/strong> Amel Guellaty<br><strong>Acteurs:<\/strong>&nbsp;Yasmine Ben Amara, Yasmine Thamleoui, Hajer Ghars, Mahdi Midani<br><strong><em> Eya et Sofia, deux s\u0153urs \u00e2g\u00e9es de dix et douze ans, vont puiser de l&rsquo;eau au puits du village et se laissent tenter par une promenade dans les bois, un endroit o\u00f9 il est interdit aux petites filles d&rsquo;entrer. D\u00e9couvrir la for\u00eat voisine est une grande \u00e9motion et elles font des rencontres merveilleuses. Mais la libert\u00e9 peut avoir un prix&#8230;.<\/em><\/strong><\/h3>\n<\/div><\/div>\n\n\n\n<div class=\"wp-block-media-text has-media-on-the-right is-stacked-on-mobile\" style=\"grid-template-columns:auto 37%\"><div class=\"wp-block-media-text__content\">\n<h3 class=\"wp-block-heading\"><strong>MACHINI<\/strong><br>2019 \/ 09mn \/ Burkina Faso<br><strong>R\u00e9alisation:<\/strong>&nbsp;Frank Mukunday et T\u00e9tshim<br><br><strong><em>Par la force des choses et surtout des machines, nous sommes devenus des \u00eatres somnambules, des damn\u00e9s de la terre, des cobayes de l\u2019histoire et de la machine.<\/em><\/strong><\/h3>\n<\/div><figure class=\"wp-block-media-text__media\"><img loading=\"lazy\" decoding=\"async\" width=\"200\" height=\"200\" src=\"https:\/\/elzede.net\/acl\/wp-content\/uploads\/2024\/02\/image-2.jpeg\" alt=\"\" class=\"wp-image-2429 size-full\" srcset=\"https:\/\/elzede.net\/acl\/wp-content\/uploads\/2024\/02\/image-2.jpeg 200w, https:\/\/elzede.net\/acl\/wp-content\/uploads\/2024\/02\/image-2-150x150.jpeg 150w, https:\/\/elzede.net\/acl\/wp-content\/uploads\/2024\/02\/image-2-100x100.jpeg 100w\" sizes=\"auto, (max-width: 200px) 100vw, 200px\" \/><\/figure><\/div>\n\n\n\n<div class=\"wp-block-media-text is-stacked-on-mobile\" style=\"grid-template-columns:37% auto\"><figure class=\"wp-block-media-text__media\"><img loading=\"lazy\" decoding=\"async\" width=\"200\" height=\"200\" src=\"https:\/\/elzede.net\/acl\/wp-content\/uploads\/2024\/02\/image-8.png\" alt=\"\" class=\"wp-image-2430 size-full\" srcset=\"https:\/\/elzede.net\/acl\/wp-content\/uploads\/2024\/02\/image-8.png 200w, https:\/\/elzede.net\/acl\/wp-content\/uploads\/2024\/02\/image-8-150x150.png 150w, https:\/\/elzede.net\/acl\/wp-content\/uploads\/2024\/02\/image-8-100x100.png 100w\" sizes=\"auto, (max-width: 200px) 100vw, 200px\" \/><\/figure><div class=\"wp-block-media-text__content\">\n<h3 class=\"wp-block-heading\"><strong>GARIBOU<\/strong><br>2020 \/ 19mn \/ Mali<br><strong>R\u00e9alisation:<\/strong>&nbsp;Seydou Ciss\u00e9<br><em> <\/em><strong><em>Un petit village du centre du Mali, de nos jours. Baillo, 11 ans, est un \u00ab garibou \u00bb. Plac\u00e9 en \u00e9cole coranique depuis sa plus tendre enfance, il mendie chaque jour pour le compte d\u2019un marabout, le Moualim, qui fait r\u00e9gner la terreur sur l\u2019ensemble de ses \u00e9l\u00e8ves. Pour \u00e9chapper \u00e0 la violence de son quotidien, Baillo n\u2019a qu\u2019un seul refuge : son imaginaire. Mais lorsque son fr\u00e8re S\u00e9kou, \u00e2g\u00e9 d\u2019\u00e0 peine 6 ans, est \u00e0 son tour confi\u00e9 au Moualim, rien ne peut plus le d\u00e9tourner de l\u2019insupportable r\u00e9alit\u00e9 de leur condition\u2026<\/em><\/strong><\/h3>\n<\/div><\/div>\n\n\n\n<div class=\"wp-block-media-text has-media-on-the-right is-stacked-on-mobile\" style=\"grid-template-columns:auto 37%\"><div class=\"wp-block-media-text__content\">\n<h3 class=\"wp-block-heading\"><strong>TIMIS<\/strong><br>2023 \/ 16mn \/ S\u00e9n\u00e9gal<br><strong>R\u00e9alisation:<\/strong>&nbsp;Awa Moctar-Gu\u00e8ye<br><strong><em> <\/em>Au cr\u00e9puscule, le monde des esprits devient plus audacieux. L&rsquo;obscurit\u00e9 du march\u00e9 de Dakar, o\u00f9 r\u00e9side la figure solitaire et \u00e9lanc\u00e9e de Pa Kong-Kong, est consid\u00e9r\u00e9e comme un endroit o\u00f9 les enfants ne doivent pas s&rsquo;aventurer. Mais apr\u00e8s avoir tir\u00e9 la bille de marbre blanc qui la d\u00e9signe comme leur nouvelle chef, Binta doit prouver \u00e0 ses pairs que les filles ont le courage de diriger. Les ombres s&rsquo;agitent avec des bruits mena\u00e7ants. Elle avance r\u00e9solument pour r\u00e9v\u00e9ler un secret local et d\u00e9couvre une nouvelle confiance int\u00e9rieure.<\/strong><\/h3>\n<\/div><figure class=\"wp-block-media-text__media\"><img loading=\"lazy\" decoding=\"async\" width=\"200\" height=\"200\" src=\"https:\/\/elzede.net\/acl\/wp-content\/uploads\/2024\/02\/image-9.png\" alt=\"\" class=\"wp-image-2431 size-full\" srcset=\"https:\/\/elzede.net\/acl\/wp-content\/uploads\/2024\/02\/image-9.png 200w, https:\/\/elzede.net\/acl\/wp-content\/uploads\/2024\/02\/image-9-150x150.png 150w, https:\/\/elzede.net\/acl\/wp-content\/uploads\/2024\/02\/image-9-100x100.png 100w\" sizes=\"auto, (max-width: 200px) 100vw, 200px\" \/><\/figure><\/div>\n\n\n\n<div class=\"wp-block-media-text is-stacked-on-mobile\" style=\"grid-template-columns:37% auto\"><figure class=\"wp-block-media-text__media\"><img loading=\"lazy\" decoding=\"async\" width=\"200\" height=\"200\" src=\"https:\/\/elzede.net\/acl\/wp-content\/uploads\/2024\/02\/image-3.jpeg\" alt=\"\" class=\"wp-image-2433 size-full\" srcset=\"https:\/\/elzede.net\/acl\/wp-content\/uploads\/2024\/02\/image-3.jpeg 200w, https:\/\/elzede.net\/acl\/wp-content\/uploads\/2024\/02\/image-3-150x150.jpeg 150w, https:\/\/elzede.net\/acl\/wp-content\/uploads\/2024\/02\/image-3-100x100.jpeg 100w\" sizes=\"auto, (max-width: 200px) 100vw, 200px\" \/><\/figure><div class=\"wp-block-media-text__content\">\n<h3 class=\"wp-block-heading\"><strong>L&rsquo;ENVOY\u00c9E DE DIEU<\/strong><br>2023 \/ 23mn \/ Burkina Faso<br><strong>R\u00e9alisation:<\/strong>&nbsp;Amina Mamani Abdoulaye<br><strong>Acteurs:<\/strong>&nbsp;Salamatou Hassane, Oumarou Aboulaye Mamani, Djaoro M\u2019badi Youssouf, Coulidiati Boundi Rachele Marie Louise<br><em> <\/em><strong><em>Par ici, l\u2019envoy\u00e9e de Dieu est choisie par hasard et soumise \u00e0 des rites fun\u00e9raires. Fatima, douze ans, d\u00e9pos\u00e9e dans un march\u00e9, portant une ceinture d\u2019explosif activ\u00e9e dix minutes pour tuer les ennemis d\u2019Allah. Pendant neuf minutes, c\u2019est un voyage int\u00e9rieur durant lequel, elle passe du pr\u00e9sent au pass\u00e9. Fatima se rappelle que sa m\u00e8re vend dans ce march\u00e9.<\/em><\/strong><\/h3>\n<\/div><\/div>\n\n\n\n<div class=\"wp-block-media-text has-media-on-the-right is-stacked-on-mobile\" style=\"grid-template-columns:auto 37%\"><div class=\"wp-block-media-text__content\">\n<h3 class=\"wp-block-heading\"><strong>L&rsquo;OMBRE DES PAPILLONS<\/strong><br>2022 \/ 09mn \/ France, Portugal, Qatar<br><strong>R\u00e9alisation:<\/strong>&nbsp;Sofia El Khyari<br><br><strong><em>En proie \u00e0 un sentiment de douce-am\u00e8re nostalgie, une femme se r\u00e9fugie dans la contemplation de papillons qui semblent peupler une myst\u00e9rieuse for\u00eat.<\/em><\/strong>&nbsp;<\/h3>\n<\/div><figure class=\"wp-block-media-text__media\"><img loading=\"lazy\" decoding=\"async\" width=\"200\" height=\"200\" src=\"https:\/\/elzede.net\/acl\/wp-content\/uploads\/2024\/02\/image-10.png\" alt=\"\" class=\"wp-image-2434 size-full\" srcset=\"https:\/\/elzede.net\/acl\/wp-content\/uploads\/2024\/02\/image-10.png 200w, https:\/\/elzede.net\/acl\/wp-content\/uploads\/2024\/02\/image-10-150x150.png 150w, https:\/\/elzede.net\/acl\/wp-content\/uploads\/2024\/02\/image-10-100x100.png 100w\" sizes=\"auto, (max-width: 200px) 100vw, 200px\" \/><\/figure><\/div>\n\n\n\n<div class=\"wp-block-buttons is-content-justification-right is-layout-flex wp-container-core-buttons-is-layout-765c4724 wp-block-buttons-is-layout-flex\">\n<div class=\"wp-block-button is-style-outline is-style-outline--2\"><a class=\"wp-block-button__link has-vivid-cyan-blue-color has-text-color has-link-color wp-element-button\" href=\"#FC24Top\" rel=\"\">retour en haut<\/a><\/div>\n<\/div>\n","protected":false},"excerpt":{"rendered":"<p>Ce programme est divis\u00e9 en deux projections entrecoup\u00e9es d&rsquo;une pause rafraichissanteSamedi 23 mars &#8211; 17h30 &#8211; La premi\u00e8re partie dure 1h31mn (Voir le contenu)Samedi 23 mars &#8211; 20h00 &#8211; La seconde partie dure 1h41 (Voir le contenu) Le premier Gravelot d&rsquo;or sera d\u00e9cern\u00e9 \u00e0 &#8230; Les Amis du Cin\u00e9ma de Lion vous proposent d&rsquo;\u00eatre le &hellip; <\/p>\n<p class=\"link-more\"><a href=\"https:\/\/elzede.net\/acl\/fdc24pgm\/\" class=\"more-link\">Continuer la lecture<span class=\"screen-reader-text\"> de &laquo;&nbsp;Le programme 2024 de la F\u00eate du Court&nbsp;&raquo;<\/span><\/a><\/p>\n","protected":false},"author":1,"featured_media":0,"comment_status":"open","ping_status":"open","sticky":false,"template":"","format":"standard","meta":{"footnotes":""},"categories":[19,20],"tags":[],"class_list":["post-2408","post","type-post","status-publish","format-standard","hentry","category-19","category-nextdateacl"],"_links":{"self":[{"href":"https:\/\/elzede.net\/acl\/wp-json\/wp\/v2\/posts\/2408","targetHints":{"allow":["GET"]}}],"collection":[{"href":"https:\/\/elzede.net\/acl\/wp-json\/wp\/v2\/posts"}],"about":[{"href":"https:\/\/elzede.net\/acl\/wp-json\/wp\/v2\/types\/post"}],"author":[{"embeddable":true,"href":"https:\/\/elzede.net\/acl\/wp-json\/wp\/v2\/users\/1"}],"replies":[{"embeddable":true,"href":"https:\/\/elzede.net\/acl\/wp-json\/wp\/v2\/comments?post=2408"}],"version-history":[{"count":15,"href":"https:\/\/elzede.net\/acl\/wp-json\/wp\/v2\/posts\/2408\/revisions"}],"predecessor-version":[{"id":2491,"href":"https:\/\/elzede.net\/acl\/wp-json\/wp\/v2\/posts\/2408\/revisions\/2491"}],"wp:attachment":[{"href":"https:\/\/elzede.net\/acl\/wp-json\/wp\/v2\/media?parent=2408"}],"wp:term":[{"taxonomy":"category","embeddable":true,"href":"https:\/\/elzede.net\/acl\/wp-json\/wp\/v2\/categories?post=2408"},{"taxonomy":"post_tag","embeddable":true,"href":"https:\/\/elzede.net\/acl\/wp-json\/wp\/v2\/tags?post=2408"}],"curies":[{"name":"wp","href":"https:\/\/api.w.org\/{rel}","templated":true}]}}