{"id":1095,"date":"2022-05-28T12:24:00","date_gmt":"2022-05-28T10:24:00","guid":{"rendered":"https:\/\/elzede.net\/acl\/?p=1095"},"modified":"2026-03-25T08:53:41","modified_gmt":"2026-03-25T07:53:41","slug":"votre-programme-du-31-mai-au-7-juin","status":"publish","type":"post","link":"https:\/\/elzede.net\/acl\/votre-programme-du-31-mai-au-7-juin\/","title":{"rendered":"Votre programme du 31 mai au 7 juin"},"content":{"rendered":"\n<p class=\"has-vivid-red-color has-text-color\"><strong>Du 24 au 26 juin Festival Un Week-End Un Pays &#8211; L&rsquo;Italie &#8211; <a rel=\"noreferrer noopener\" href=\"https:\/\/elzede.net\/acl\/wp-content\/uploads\/2022\/05\/Generique-festival.mp4\" target=\"_blank\">Voir la bande annonce<\/a><\/strong><\/p>\n\n\n\n<p class=\"has-vivid-red-color has-text-color\">Pas de s\u00e9ance dimanche puisque le week-end fait place belle au swing avec les Swing D-Day dimanche et lundi.<br>Une s\u00e9ance jeudi \u00e0 19h organis\u00e9e par l&rsquo;association lionnaise Bonne Arriv\u00e9e suivie d&rsquo;un d\u00e9bat et d&rsquo;un repas partag\u00e9<\/p>\n\n\n\n<div class=\"wp-block-columns are-vertically-aligned-center is-layout-flex wp-container-core-columns-is-layout-9d6595d7 wp-block-columns-is-layout-flex\">\n<div class=\"wp-block-column is-vertically-aligned-center is-layout-flow wp-block-column-is-layout-flow\" style=\"flex-basis:33.33%\">\n<p class=\"has-drop-cap\">Mardi 31 mai<br>20h45<\/p>\n<\/div>\n\n\n\n<div class=\"wp-block-column is-vertically-aligned-center is-layout-flow wp-block-column-is-layout-flow\" style=\"flex-basis:66.66%\">\n<figure class=\"wp-block-image size-large\"><img loading=\"lazy\" decoding=\"async\" width=\"1024\" height=\"562\" src=\"https:\/\/elzede.net\/acl\/wp-content\/uploads\/2022\/05\/220531-AffaireCollini-1024x562.jpg\" alt=\"\" class=\"wp-image-1080\" srcset=\"https:\/\/elzede.net\/acl\/wp-content\/uploads\/2022\/05\/220531-AffaireCollini-1024x562.jpg 1024w, https:\/\/elzede.net\/acl\/wp-content\/uploads\/2022\/05\/220531-AffaireCollini-300x165.jpg 300w, https:\/\/elzede.net\/acl\/wp-content\/uploads\/2022\/05\/220531-AffaireCollini-768x422.jpg 768w, https:\/\/elzede.net\/acl\/wp-content\/uploads\/2022\/05\/220531-AffaireCollini.jpg 1084w\" sizes=\"auto, (max-width: 767px) 89vw, (max-width: 1000px) 54vw, (max-width: 1071px) 543px, 580px\" \/><\/figure>\n<\/div>\n<\/div>\n\n\n\n<div class=\"wp-block-columns are-vertically-aligned-center is-layout-flex wp-container-core-columns-is-layout-9d6595d7 wp-block-columns-is-layout-flex\">\n<div class=\"wp-block-column is-vertically-aligned-center is-layout-flow wp-block-column-is-layout-flow\" style=\"flex-basis:33.33%\">\n<p class=\"has-drop-cap has-vivid-red-color has-text-color\">Jeudi 2 juin<br><strong>19h<\/strong><\/p>\n<\/div>\n\n\n\n<div class=\"wp-block-column is-vertically-aligned-center is-layout-flow wp-block-column-is-layout-flow\" style=\"flex-basis:66.66%\">\n<figure class=\"wp-block-image size-large\"><img loading=\"lazy\" decoding=\"async\" width=\"1024\" height=\"784\" src=\"https:\/\/elzede.net\/acl\/wp-content\/uploads\/2022\/05\/220602-EtIlYEutMatin-1024x784.jpg\" alt=\"\" class=\"wp-image-1081\" srcset=\"https:\/\/elzede.net\/acl\/wp-content\/uploads\/2022\/05\/220602-EtIlYEutMatin-1024x784.jpg 1024w, https:\/\/elzede.net\/acl\/wp-content\/uploads\/2022\/05\/220602-EtIlYEutMatin-300x230.jpg 300w, https:\/\/elzede.net\/acl\/wp-content\/uploads\/2022\/05\/220602-EtIlYEutMatin-768x588.jpg 768w, https:\/\/elzede.net\/acl\/wp-content\/uploads\/2022\/05\/220602-EtIlYEutMatin.jpg 1129w\" sizes=\"auto, (max-width: 767px) 89vw, (max-width: 1000px) 54vw, (max-width: 1071px) 543px, 580px\" \/><\/figure>\n<\/div>\n<\/div>\n\n\n\n<div class=\"wp-block-columns are-vertically-aligned-center is-layout-flex wp-container-core-columns-is-layout-9d6595d7 wp-block-columns-is-layout-flex\">\n<div class=\"wp-block-column is-vertically-aligned-center is-layout-flow wp-block-column-is-layout-flow\" style=\"flex-basis:33.33%\">\n<p class=\"has-drop-cap\">Vendredi 3 juin<br>20h45<\/p>\n<\/div>\n\n\n\n<div class=\"wp-block-column is-vertically-aligned-center is-layout-flow wp-block-column-is-layout-flow\" style=\"flex-basis:66.66%\">\n<figure class=\"wp-block-image size-large\"><img loading=\"lazy\" decoding=\"async\" width=\"1024\" height=\"705\" src=\"https:\/\/elzede.net\/acl\/wp-content\/uploads\/2022\/05\/220603-LaRuse-1024x705.jpg\" alt=\"\" class=\"wp-image-1082\" srcset=\"https:\/\/elzede.net\/acl\/wp-content\/uploads\/2022\/05\/220603-LaRuse-1024x705.jpg 1024w, https:\/\/elzede.net\/acl\/wp-content\/uploads\/2022\/05\/220603-LaRuse-300x207.jpg 300w, https:\/\/elzede.net\/acl\/wp-content\/uploads\/2022\/05\/220603-LaRuse-768x529.jpg 768w, https:\/\/elzede.net\/acl\/wp-content\/uploads\/2022\/05\/220603-LaRuse.jpg 1115w\" sizes=\"auto, (max-width: 767px) 89vw, (max-width: 1000px) 54vw, (max-width: 1071px) 543px, 580px\" \/><\/figure>\n<\/div>\n<\/div>\n\n\n\n<div class=\"wp-block-columns are-vertically-aligned-center is-layout-flex wp-container-core-columns-is-layout-9d6595d7 wp-block-columns-is-layout-flex\">\n<div class=\"wp-block-column is-vertically-aligned-center is-layout-flow wp-block-column-is-layout-flow\" style=\"flex-basis:33.33%\">\n<p class=\"has-drop-cap\">Mardi 7 juin<br>14h (avec les Ateliers du Temps Libre)<br>et 20h45<\/p>\n<\/div>\n\n\n\n<div class=\"wp-block-column is-vertically-aligned-center is-layout-flow wp-block-column-is-layout-flow\" style=\"flex-basis:66.66%\">\n<figure class=\"wp-block-image size-large\"><img loading=\"lazy\" decoding=\"async\" width=\"1024\" height=\"563\" src=\"https:\/\/elzede.net\/acl\/wp-content\/uploads\/2022\/05\/220607-FoliesFermieres-1024x563.jpg\" alt=\"\" class=\"wp-image-1083\" srcset=\"https:\/\/elzede.net\/acl\/wp-content\/uploads\/2022\/05\/220607-FoliesFermieres-1024x563.jpg 1024w, https:\/\/elzede.net\/acl\/wp-content\/uploads\/2022\/05\/220607-FoliesFermieres-300x165.jpg 300w, https:\/\/elzede.net\/acl\/wp-content\/uploads\/2022\/05\/220607-FoliesFermieres-768x422.jpg 768w, https:\/\/elzede.net\/acl\/wp-content\/uploads\/2022\/05\/220607-FoliesFermieres.jpg 1125w\" sizes=\"auto, (max-width: 767px) 89vw, (max-width: 1000px) 54vw, (max-width: 1071px) 543px, 580px\" \/><\/figure>\n<\/div>\n<\/div>\n","protected":false},"excerpt":{"rendered":"<p>Du 24 au 26 juin Festival Un Week-End Un Pays &#8211; L&rsquo;Italie &#8211; Voir la bande annonce Pas de s\u00e9ance dimanche puisque le week-end fait place belle au swing avec les Swing D-Day dimanche et lundi.Une s\u00e9ance jeudi \u00e0 19h organis\u00e9e par l&rsquo;association lionnaise Bonne Arriv\u00e9e suivie d&rsquo;un d\u00e9bat et d&rsquo;un repas partag\u00e9 Mardi 31 &hellip; <\/p>\n<p class=\"link-more\"><a href=\"https:\/\/elzede.net\/acl\/votre-programme-du-31-mai-au-7-juin\/\" class=\"more-link\">Continuer la lecture<span class=\"screen-reader-text\"> de &laquo;&nbsp;Votre programme du 31 mai au 7 juin&nbsp;&raquo;<\/span><\/a><\/p>\n","protected":false},"author":1,"featured_media":1096,"comment_status":"open","ping_status":"open","sticky":false,"template":"","format":"standard","meta":{"footnotes":""},"categories":[15],"tags":[],"class_list":["post-1095","post","type-post","status-publish","format-standard","has-post-thumbnail","hentry","category-15"],"_links":{"self":[{"href":"https:\/\/elzede.net\/acl\/wp-json\/wp\/v2\/posts\/1095","targetHints":{"allow":["GET"]}}],"collection":[{"href":"https:\/\/elzede.net\/acl\/wp-json\/wp\/v2\/posts"}],"about":[{"href":"https:\/\/elzede.net\/acl\/wp-json\/wp\/v2\/types\/post"}],"author":[{"embeddable":true,"href":"https:\/\/elzede.net\/acl\/wp-json\/wp\/v2\/users\/1"}],"replies":[{"embeddable":true,"href":"https:\/\/elzede.net\/acl\/wp-json\/wp\/v2\/comments?post=1095"}],"version-history":[{"count":2,"href":"https:\/\/elzede.net\/acl\/wp-json\/wp\/v2\/posts\/1095\/revisions"}],"predecessor-version":[{"id":1124,"href":"https:\/\/elzede.net\/acl\/wp-json\/wp\/v2\/posts\/1095\/revisions\/1124"}],"wp:featuredmedia":[{"embeddable":true,"href":"https:\/\/elzede.net\/acl\/wp-json\/wp\/v2\/media\/1096"}],"wp:attachment":[{"href":"https:\/\/elzede.net\/acl\/wp-json\/wp\/v2\/media?parent=1095"}],"wp:term":[{"taxonomy":"category","embeddable":true,"href":"https:\/\/elzede.net\/acl\/wp-json\/wp\/v2\/categories?post=1095"},{"taxonomy":"post_tag","embeddable":true,"href":"https:\/\/elzede.net\/acl\/wp-json\/wp\/v2\/tags?post=1095"}],"curies":[{"name":"wp","href":"https:\/\/api.w.org\/{rel}","templated":true}]}}